{"id":6084,"date":"2025-03-27T09:38:54","date_gmt":"2025-03-27T09:38:54","guid":{"rendered":"https:\/\/meva.net\/hu-hu\/?p=6084"},"modified":"2025-04-23T10:01:32","modified_gmt":"2025-04-23T09:01:32","slug":"nagyberuhazasi-trendmutato-zsalupiac-hullamokon-innen-es-tul","status":"publish","type":"post","link":"https:\/\/meva.net\/hu-hu\/nagyberuhazasi-trendmutato-zsalupiac-hullamokon-innen-es-tul\/","title":{"rendered":"Nagyberuh\u00e1z\u00e1si trendmutat\u00f3: zsalupiac hull\u00e1mokon innen \u00e9s t\u00fal"},"content":{"rendered":"<p><strong>A 2024. \u00e9v elej\u00e9re el\u00e9rt m\u00e9lypont ut\u00e1n a zsalueszk\u00f6z\u00f6k ir\u00e1nti legnagyobb keresletet mutat\u00f3 piaci szegmens, a jelent\u0151s betonig\u00e9ny\u0171 beruh\u00e1z\u00e1sok piaca az \u00e9v v\u00e9g\u00e9re mag\u00e1ra tal\u00e1lt, az elm\u00falt 5 h\u00f3napban pedig dinamikus fejl\u0151d\u00e9snek indult. Az ilyen beruh\u00e1z\u00e1sokon haszn\u00e1lt zsaluk forgalma j\u00f3l mutatja a piaci trendeket, amelyr\u0151l a m\u00e1ra az osztr\u00e1k piac ir\u00e1ny\u00edt\u00e1s\u00e1\u00e9rt is felel\u0151s, a magyar Mev\u00e1t 14 \u00e9ve vezet\u0151 Botta D. Mih\u00e1ly \u00fcgyvezet\u0151 igazgat\u00f3t k\u00e9rdezt\u00fck.<\/strong><\/p>\n<p><!--more--><\/p>\n<p>2024 novembere \u00f3ta tart a nagyberuh\u00e1z\u00e1sok piac\u00e1nak n\u00f6veked\u00e9se a tov\u00e1bbra sem l\u00e1tsz\u00f3 \u00e1llami magas\u00e9p\u00edt\u00e9si projektek n\u00e9lk\u00fcl is. A Meva korszer\u0171 fal- \u00e9s f\u00f6d\u00e9mzsaluit d\u00f6nt\u0151en ezeken, a sok beton be\u00e9p\u00edt\u00e9s\u00e9t ig\u00e9nyl\u0151 beruh\u00e1z\u00e1sokon haszn\u00e1lj\u00e1k, \u00edgy a zsaluhaszn\u00e1lati trendek j\u00f3l jellemzik a piac ezen r\u00e9szter\u00fclet\u00e9nek mozg\u00e1s\u00e1t. A Meva, a piac m\u0171k\u00f6d\u00e9s\u00e9t legjobban szeml\u00e9ltet\u0151 zsalub\u00e9rleti \u00e1rbev\u00e9tele a 2022-es cs\u00facs\u00e9v ut\u00e1n 14 h\u00f3nap alatt, a 2024. \u00e9v els\u0151 h\u00f3napjaira a t\u00f6red\u00e9k\u00e9re esett vissza. A lak\u00e1s\u00e9p\u00edt\u00e9si projektek aktiviz\u00e1l\u00f3d\u00e1s\u00e1val, ill. a kev\u00e9s \u00e1llami infrastrukt\u00fara projekt indul\u00e1s\u00e1val azonban az elm\u00falt 5 h\u00f3napban ism\u00e9t dinamikus fejl\u0151d\u00e9s tapasztalhat\u00f3. Ez a k\u00f6vetkez\u0151 6-9 h\u00f3napra biztosnak l\u00e1tszik, ugyanakkor hosszabb t\u00e1von a tov\u00e1bbi fejl\u0151d\u00e9s t\u00f6r\u00e9kenynek t\u0171nik.<\/p>\n<p>&nbsp;<\/p>\n<p><strong>Dubai, Florida \u00e9s Dunakeszi<\/strong><\/p>\n<p>A h\u00e1rom v\u00e1rosban k\u00f6z\u00f6s, hogy a Meva azokban nagyj\u00e1b\u00f3l egyid\u0151ben \u00e9p\u00edtett \u00faj telephelyet. Ebben a nehezen kisz\u00e1m\u00edthat\u00f3 id\u0151szakban az eur\u00f3pai kontinens legkorszer\u0171bb logisztikai k\u00f6zpontja l\u00e9tes\u00fclt Dunakeszin. A c\u00e9l kezdett\u0151l fogva egy region\u00e1lis szolg\u00e1ltat\u00e1si k\u00f6zpont kialak\u00edt\u00e1sa volt Magyarorsz\u00e1gon, amely funkci\u00f3t a dunakeszi telephely 2024. IV. negyed\u00e9v\u00e9t\u0151l 100%-ban ell\u00e1tja &#8211; tudtuk meg az imm\u00e1ron k\u00e9t orsz\u00e1g\u00e9rt, a magyar mellett az osztr\u00e1k piac\u00e9rt is felel\u0151s vezet\u0151t\u0151l.<\/p>\n<table style=\"width: 100%;border-collapse: collapse\" cellpadding=\"10\">\n<tbody>\n<tr>\n<td style=\"width: 33.3333%\">\n<p style=\"text-align: center\"><a href=\"https:\/\/meva.net\/hu-hu\/wp-content\/uploads\/sites\/9\/2025\/03\/Dubai-thjpg-1.jpg\" target=\"_blank\" rel=\"noopener\"><img loading=\"lazy\" class=\"img-fluid lazyload  alignnone wp-image-6111 size-full\" src=\"https:\/\/meva.net\/hu-hu\/wp-content\/uploads\/sites\/9\/2025\/03\/Dubai-thjpg-1.jpg\" alt=\"\" width=\"668\" height=\"376\" srcset=\"https:\/\/meva.net\/hu-hu\/wp-content\/uploads\/sites\/9\/2025\/03\/Dubai-thjpg-1.jpg 668w, https:\/\/meva.net\/hu-hu\/wp-content\/uploads\/sites\/9\/2025\/03\/Dubai-thjpg-1-510x287.jpg 510w\" sizes=\"(max-width: 668px) 100vw, 668px\" \/><\/a><\/p>\n<p style=\"text-align: center\"><strong>Dubai<\/strong><\/p>\n<\/td>\n<td style=\"width: 33.3333%\">\n<p><a href=\"https:\/\/meva.net\/hu-hu\/wp-content\/uploads\/sites\/9\/2025\/03\/Florida-TH.jpg\" target=\"_blank\" rel=\"noopener\"><img loading=\"lazy\" class=\"img-fluid lazyload  alignnone wp-image-6095 size-medium\" src=\"https:\/\/meva.net\/hu-hu\/wp-content\/uploads\/sites\/9\/2025\/03\/Florida-TH-910x512.jpg\" alt=\"\" width=\"910\" height=\"512\" srcset=\"https:\/\/meva.net\/hu-hu\/wp-content\/uploads\/sites\/9\/2025\/03\/Florida-TH-910x512.jpg 910w, https:\/\/meva.net\/hu-hu\/wp-content\/uploads\/sites\/9\/2025\/03\/Florida-TH-510x287.jpg 510w, https:\/\/meva.net\/hu-hu\/wp-content\/uploads\/sites\/9\/2025\/03\/Florida-TH-690x388.jpg 690w, https:\/\/meva.net\/hu-hu\/wp-content\/uploads\/sites\/9\/2025\/03\/Florida-TH.jpg 960w\" sizes=\"(max-width: 910px) 100vw, 910px\" \/><\/a><\/p>\n<p style=\"text-align: center\"><strong>Florida<\/strong><\/p>\n<\/td>\n<td style=\"width: 33.3333%\">\n<p><img loading=\"lazy\" class=\"img-fluid lazyload  alignnone wp-image-6117 size-medium\" src=\"https:\/\/meva.net\/hu-hu\/wp-content\/uploads\/sites\/9\/2025\/03\/Meva_telephely_kicsi_2024.05-8-910x512.jpg\" alt=\"\" width=\"910\" height=\"512\" srcset=\"https:\/\/meva.net\/hu-hu\/wp-content\/uploads\/sites\/9\/2025\/03\/Meva_telephely_kicsi_2024.05-8-910x512.jpg 910w, https:\/\/meva.net\/hu-hu\/wp-content\/uploads\/sites\/9\/2025\/03\/Meva_telephely_kicsi_2024.05-8-510x287.jpg 510w, https:\/\/meva.net\/hu-hu\/wp-content\/uploads\/sites\/9\/2025\/03\/Meva_telephely_kicsi_2024.05-8-690x388.jpg 690w, https:\/\/meva.net\/hu-hu\/wp-content\/uploads\/sites\/9\/2025\/03\/Meva_telephely_kicsi_2024.05-8-1110x625.jpg 1110w, https:\/\/meva.net\/hu-hu\/wp-content\/uploads\/sites\/9\/2025\/03\/Meva_telephely_kicsi_2024.05-8.jpg 1313w, https:\/\/meva.net\/hu-hu\/wp-content\/uploads\/sites\/9\/2025\/03\/Meva_telephely_kicsi_2024.05-8-510x287@2x.jpg 1020w\" sizes=\"(max-width: 910px) 100vw, 910px\" \/><\/p>\n<p style=\"text-align: center\"><strong>Dunakeszi<\/strong><\/p>\n<\/td>\n<\/tr>\n<\/tbody>\n<\/table>\n<p>Az osztr\u00e1k-magyar k\u00f6z\u00f6s \u00fcgyvezet\u00e9s l\u00e9trej\u00f6tte hasonl\u00f3an jelent\u0151s l\u00e9p\u00e9s volt a magyar Meva \u00e9let\u00e9ben, mint a dunakeszi region\u00e1lis logisztikai k\u00f6zpont \u00fczembe helyez\u00e9se, ahonnan nem csup\u00e1n a magyar, de a r\u00e9gi\u00f3ban dolgoz\u00f3 kivitelez\u0151k is tiszta zsaluanyaghoz juthatnak.<\/p>\n<table style=\"width: 100%;border-collapse: collapse\" cellpadding=\"10\">\n<tbody>\n<tr>\n<td style=\"width: 50%\"><a href=\"https:\/\/meva.net\/hu-hu\/wp-content\/uploads\/sites\/9\/2025\/03\/hd-240711_DT_18_2613-scaled.jpg\" target=\"_blank\" rel=\"noopener\"><img loading=\"lazy\" class=\"img-fluid lazyload  alignnone wp-image-6099 size-medium\" src=\"https:\/\/meva.net\/hu-hu\/wp-content\/uploads\/sites\/9\/2025\/03\/hd-240711_DT_18_2613-910x606.jpg\" alt=\"\" width=\"910\" height=\"606\" srcset=\"https:\/\/meva.net\/hu-hu\/wp-content\/uploads\/sites\/9\/2025\/03\/hd-240711_DT_18_2613-910x606.jpg 910w, https:\/\/meva.net\/hu-hu\/wp-content\/uploads\/sites\/9\/2025\/03\/hd-240711_DT_18_2613-1350x898.jpg 1350w, https:\/\/meva.net\/hu-hu\/wp-content\/uploads\/sites\/9\/2025\/03\/hd-240711_DT_18_2613-510x339.jpg 510w, https:\/\/meva.net\/hu-hu\/wp-content\/uploads\/sites\/9\/2025\/03\/hd-240711_DT_18_2613-1536x1022.jpg 1536w, https:\/\/meva.net\/hu-hu\/wp-content\/uploads\/sites\/9\/2025\/03\/hd-240711_DT_18_2613-2048x1363.jpg 2048w, https:\/\/meva.net\/hu-hu\/wp-content\/uploads\/sites\/9\/2025\/03\/hd-240711_DT_18_2613-690x459.jpg 690w, https:\/\/meva.net\/hu-hu\/wp-content\/uploads\/sites\/9\/2025\/03\/hd-240711_DT_18_2613-1110x739.jpg 1110w, https:\/\/meva.net\/hu-hu\/wp-content\/uploads\/sites\/9\/2025\/03\/hd-240711_DT_18_2613-1600x1065.jpg 1600w, https:\/\/meva.net\/hu-hu\/wp-content\/uploads\/sites\/9\/2025\/03\/hd-240711_DT_18_2613-910x606@2x.jpg 1820w, https:\/\/meva.net\/hu-hu\/wp-content\/uploads\/sites\/9\/2025\/03\/hd-240711_DT_18_2613-510x339@2x.jpg 1020w\" sizes=\"(max-width: 910px) 100vw, 910px\" \/><\/a><\/td>\n<td style=\"width: 50%\"><a href=\"https:\/\/meva.net\/hu-hu\/wp-content\/uploads\/sites\/9\/2025\/03\/hd-240711_DT_25_2663-scaled.jpg\" target=\"_blank\" rel=\"noopener\"><img loading=\"lazy\" class=\"img-fluid lazyload  alignnone wp-image-6100 size-medium\" src=\"https:\/\/meva.net\/hu-hu\/wp-content\/uploads\/sites\/9\/2025\/03\/hd-240711_DT_25_2663-910x606.jpg\" alt=\"\" width=\"910\" height=\"606\" srcset=\"https:\/\/meva.net\/hu-hu\/wp-content\/uploads\/sites\/9\/2025\/03\/hd-240711_DT_25_2663-910x606.jpg 910w, https:\/\/meva.net\/hu-hu\/wp-content\/uploads\/sites\/9\/2025\/03\/hd-240711_DT_25_2663-1350x898.jpg 1350w, https:\/\/meva.net\/hu-hu\/wp-content\/uploads\/sites\/9\/2025\/03\/hd-240711_DT_25_2663-510x339.jpg 510w, https:\/\/meva.net\/hu-hu\/wp-content\/uploads\/sites\/9\/2025\/03\/hd-240711_DT_25_2663-1536x1022.jpg 1536w, https:\/\/meva.net\/hu-hu\/wp-content\/uploads\/sites\/9\/2025\/03\/hd-240711_DT_25_2663-2048x1363.jpg 2048w, https:\/\/meva.net\/hu-hu\/wp-content\/uploads\/sites\/9\/2025\/03\/hd-240711_DT_25_2663-690x459.jpg 690w, https:\/\/meva.net\/hu-hu\/wp-content\/uploads\/sites\/9\/2025\/03\/hd-240711_DT_25_2663-1110x739.jpg 1110w, https:\/\/meva.net\/hu-hu\/wp-content\/uploads\/sites\/9\/2025\/03\/hd-240711_DT_25_2663-1600x1065.jpg 1600w, https:\/\/meva.net\/hu-hu\/wp-content\/uploads\/sites\/9\/2025\/03\/hd-240711_DT_25_2663-910x606@2x.jpg 1820w, https:\/\/meva.net\/hu-hu\/wp-content\/uploads\/sites\/9\/2025\/03\/hd-240711_DT_25_2663-510x339@2x.jpg 1020w\" sizes=\"(max-width: 910px) 100vw, 910px\" \/><\/a><\/td>\n<\/tr>\n<\/tbody>\n<\/table>\n<p>A hazai piaci tendenci\u00e1k kapcs\u00e1n a szakember \u00f6r\u00f6mtelinek nevezte, hogy elindultak azok a munk\u00e1k, amelyekre tavaly \u0151sszel szerz\u0151dtek le, de az adatok szerint az \u00e9p\u00edt\u00e9si aktivit\u00e1s m\u00e9g mindig nem t\u00e9rt vissza arra a szintre, amelyen a c\u00e9g egy hossz\u00fat\u00e1v\u00fa beruh\u00e1z\u00e1s mellett biztons\u00e1ggal elk\u00f6telez\u0151dne. Mivel a magyar piacon a megt\u00e9r\u00fcl\u00e9s m\u00e9g nem l\u00e1tszik biztos\u00edtottnak, \u00edgy a modern region\u00e1lis k\u00f6zpontba tervezett tov\u00e1bbi automatiz\u00e1l\u00e1si beruh\u00e1z\u00e1sok megval\u00f3s\u00edt\u00e1s\u00e1ra m\u00e9g nem kaptak z\u00f6ld l\u00e1mp\u00e1t.<\/p>\n<p>Az \u00e9p\u00edt\u00e9si trendeket l\u00e1tva a c\u00e9gvezet\u0151 m\u00e9gis bizakod\u00f3.<\/p>\n<p style=\"text-align: center\"><span style=\"font-size: 18pt\"><strong><em>\u201eHozz\u00e1k, \u00e9s mi sz\u00edvesen mossuk!\u201d<\/em><\/strong><\/span><\/p>\n<p>A Meva piacvezet\u0151 a m\u0171anyag zsaluh\u00e9jjal szerelt zsaluzatok piac\u00e1n, amely m\u00e1ra nem csup\u00e1n a c\u00e9g, de partnerei sz\u00e1m\u00e1ra is versenyel\u0151nyt biztos\u00edt<em>. \u201eAz elm\u00falt \u00e9vekben pregn\u00e1nsan \u00e9rz\u00e9kelhet\u0151v\u00e9 v\u00e1lt az a trendfordul\u00f3, ami 14 \u00e9vvel ezel\u0151tt csak v\u00edzi\u00f3 volt. A Meva m\u0171szaki megold\u00e1sai m\u00e1ra p\u00e9nzben is j\u00f3l kifejezhet\u0151 versenyel\u0151nyt k\u00edn\u00e1lnak a saj\u00e1t tulajdon\u00fa Meva zsaluk\u00e9szletekkel rendelkez\u0151 partnereink sz\u00e1m\u00e1ra.\u201d <\/em>\u2013 emeli ki a szakember. A folyamat h\u00e1tterek\u00e9nt pedig azt, a tavaly \u00f3ta egyre jobban \u00e9rz\u00e9kelhet\u0151 komplex jelens\u00e9get eml\u00edti, amit a dolgoz\u00f3k b\u00e9rk\u00f6lts\u00e9g\u00e9nek n\u00f6veked\u00e9se \u00e9s ezzel p\u00e1rhuzamosan az akt\u00edv jav\u00edt\u00f3-karbantart\u00f3 szakemberi \u00e1llom\u00e1ny folyamatos cs\u00f6kken\u00e9se egy\u00fcttesen okoz. Mindez feler\u0151s\u00edtette a probl\u00e9m\u00e1t, hogy a kivitelez\u0151 c\u00e9gekn\u00e9l nem jut el\u00e9g kapacit\u00e1s arra, hogy j\u00f3 min\u0151s\u00e9gben, hat\u00e9konyan \u00e9s tart\u00f3san karbantarts\u00e1k a zsalueszk\u00f6zeiket.<\/p>\n<table style=\"width: 100%;border-collapse: collapse\" cellpadding=\"10\">\n<tbody>\n<tr>\n<td style=\"width: 33.3333%\"><a href=\"https:\/\/meva.net\/hu-hu\/wp-content\/uploads\/sites\/9\/2025\/03\/Duna-Vista_hd-240711_DT_21_2633-scaled.jpg\" target=\"_blank\" rel=\"noopener\"><img loading=\"lazy\" class=\"img-fluid lazyload  alignnone wp-image-6091 size-medium\" src=\"https:\/\/meva.net\/hu-hu\/wp-content\/uploads\/sites\/9\/2025\/03\/Duna-Vista_hd-240711_DT_21_2633-910x605.jpg\" alt=\"\" width=\"910\" height=\"605\" srcset=\"https:\/\/meva.net\/hu-hu\/wp-content\/uploads\/sites\/9\/2025\/03\/Duna-Vista_hd-240711_DT_21_2633-910x605.jpg 910w, https:\/\/meva.net\/hu-hu\/wp-content\/uploads\/sites\/9\/2025\/03\/Duna-Vista_hd-240711_DT_21_2633-1350x898.jpg 1350w, https:\/\/meva.net\/hu-hu\/wp-content\/uploads\/sites\/9\/2025\/03\/Duna-Vista_hd-240711_DT_21_2633-510x339.jpg 510w, https:\/\/meva.net\/hu-hu\/wp-content\/uploads\/sites\/9\/2025\/03\/Duna-Vista_hd-240711_DT_21_2633-1536x1022.jpg 1536w, https:\/\/meva.net\/hu-hu\/wp-content\/uploads\/sites\/9\/2025\/03\/Duna-Vista_hd-240711_DT_21_2633-2048x1363.jpg 2048w, https:\/\/meva.net\/hu-hu\/wp-content\/uploads\/sites\/9\/2025\/03\/Duna-Vista_hd-240711_DT_21_2633-690x459.jpg 690w, https:\/\/meva.net\/hu-hu\/wp-content\/uploads\/sites\/9\/2025\/03\/Duna-Vista_hd-240711_DT_21_2633-1110x739.jpg 1110w, https:\/\/meva.net\/hu-hu\/wp-content\/uploads\/sites\/9\/2025\/03\/Duna-Vista_hd-240711_DT_21_2633-1600x1065.jpg 1600w, https:\/\/meva.net\/hu-hu\/wp-content\/uploads\/sites\/9\/2025\/03\/Duna-Vista_hd-240711_DT_21_2633-910x605@2x.jpg 1820w, https:\/\/meva.net\/hu-hu\/wp-content\/uploads\/sites\/9\/2025\/03\/Duna-Vista_hd-240711_DT_21_2633-510x339@2x.jpg 1020w\" sizes=\"(max-width: 910px) 100vw, 910px\" \/><\/a><\/td>\n<td style=\"width: 33.3333%\"><a href=\"https:\/\/meva.net\/hu-hu\/wp-content\/uploads\/sites\/9\/2025\/03\/Duna_Vista_hd-240711_DT_23_2653.jpg\" target=\"_blank\" rel=\"noopener\"><img loading=\"lazy\" class=\"img-fluid lazyload  alignnone wp-image-6094 size-medium\" src=\"https:\/\/meva.net\/hu-hu\/wp-content\/uploads\/sites\/9\/2025\/03\/Duna_Vista_hd-240711_DT_23_2653-910x606.jpg\" alt=\"\" width=\"910\" height=\"606\" srcset=\"https:\/\/meva.net\/hu-hu\/wp-content\/uploads\/sites\/9\/2025\/03\/Duna_Vista_hd-240711_DT_23_2653-910x606.jpg 910w, https:\/\/meva.net\/hu-hu\/wp-content\/uploads\/sites\/9\/2025\/03\/Duna_Vista_hd-240711_DT_23_2653-1350x898.jpg 1350w, https:\/\/meva.net\/hu-hu\/wp-content\/uploads\/sites\/9\/2025\/03\/Duna_Vista_hd-240711_DT_23_2653-510x339.jpg 510w, https:\/\/meva.net\/hu-hu\/wp-content\/uploads\/sites\/9\/2025\/03\/Duna_Vista_hd-240711_DT_23_2653-1536x1022.jpg 1536w, https:\/\/meva.net\/hu-hu\/wp-content\/uploads\/sites\/9\/2025\/03\/Duna_Vista_hd-240711_DT_23_2653-690x459.jpg 690w, https:\/\/meva.net\/hu-hu\/wp-content\/uploads\/sites\/9\/2025\/03\/Duna_Vista_hd-240711_DT_23_2653-1110x739.jpg 1110w, https:\/\/meva.net\/hu-hu\/wp-content\/uploads\/sites\/9\/2025\/03\/Duna_Vista_hd-240711_DT_23_2653-1600x1065.jpg 1600w, https:\/\/meva.net\/hu-hu\/wp-content\/uploads\/sites\/9\/2025\/03\/Duna_Vista_hd-240711_DT_23_2653.jpg 2000w, https:\/\/meva.net\/hu-hu\/wp-content\/uploads\/sites\/9\/2025\/03\/Duna_Vista_hd-240711_DT_23_2653-910x606@2x.jpg 1820w, https:\/\/meva.net\/hu-hu\/wp-content\/uploads\/sites\/9\/2025\/03\/Duna_Vista_hd-240711_DT_23_2653-510x339@2x.jpg 1020w\" sizes=\"(max-width: 910px) 100vw, 910px\" \/><\/a><\/td>\n<\/tr>\n<\/tbody>\n<\/table>\n<p>A Meva \u00e9ppen a c\u00e9gek saj\u00e1t tulajdon\u00fa zsalueszk\u00f6zeinek karbantart\u00e1s\u00e1val biztos\u00edt versenyel\u0151nyt partnereinek. Mir\u0151l is van sz\u00f3?<\/p>\n<p>Botta D. Mih\u00e1ly szerint ez a szolg\u00e1ltat\u00e1s nem \u00fajkelet\u0171, \u00e1m a region\u00e1lis piacot is kiszolg\u00e1l\u00f3 dunakeszi logisztikai b\u00e1zis kapacit\u00e1sa lehet\u0151v\u00e9 teszi, hogy a c\u00e9g egyre t\u00f6bb partnere sz\u00e1m\u00e1ra biztos\u00edtsa saj\u00e1t zsaluparkjuk karbantart\u00e1s\u00e1t, esetenk\u00e9nt t\u00e1rol\u00e1s\u00e1t, ami hozz\u00e1j\u00e1rul az \u00f6nk\u00f6lts\u00e9gek cs\u00f6kkent\u00e9s\u00e9hez. <em>\u201eMindez az\u00e9rt kiemelten fontos, mert az elm\u00falt \u00e9vekben Magyarorsz\u00e1gon is mag\u00e1t\u00f3l \u00e9rtet\u0151d\u0151v\u00e9 v\u00e1lt, s\u0151t a beruh\u00e1z\u00f3k, gener\u00e1lkivitelez\u0151k \u00e9s m\u0171szaki ellen\u0151r\u00f6k oldal\u00e1n kivitelez\u00e9si felt\u00e9tel \u00e9s elv\u00e1r\u00e1s lett az el\u0151\u00e1ll\u00edtott betonfel\u00fcletek magas min\u0151s\u00e9ge. Erre a Meva v\u00e1lasza a m\u00e1r t\u00f6bb mint 25 \u00e9ve bevezetett, teljes keresztmetszet\u00e9ben m\u0171anyag, pol\u00edrozhat\u00f3 zsaluh\u00e9j, amellyel minden zsalurendszer\u00fcnk szerelhet\u0151. Ezek szakszer\u0171 jav\u00edt\u00e1sa \u00e9s pol\u00edroz\u00e1sa a szerkezet hossz\u00fa \u00e9lettartam\u00e1t \u00e9s az ig\u00e9nyelt kivitelez\u00e9si min\u0151s\u00e9get egyar\u00e1nt garant\u00e1lj\u00e1k. Ezekkel a zsalukkal az elm\u00falt \u00e9vekben lak\u00e1s\u00e9p\u00edt\u00e9si projektek mellett magas &#8211; \u00e9s m\u00e9ly\u00e9p\u00edt\u00e9si m\u0171t\u00e1rgyak (hidak, medenc\u00e9k, szennyv\u00edztiszt\u00edt\u00f3k, hullad\u00e9kt\u00e1rol\u00f3k) k\u00e9sz\u00fcltek el hat\u00e1rid\u0151re a beruh\u00e1z\u00f3k \u00e9s a kivitelez\u0151k megel\u00e9ged\u00e9s\u00e9re.\u201d<\/em><\/p>\n<table style=\"width: 100%;border-collapse: collapse\" cellpadding=\"50\">\n<tbody>\n<tr>\n<td style=\"width: 50%\"><img loading=\"lazy\" class=\"alignnone size-medium wp-image-6085 img-fluid lazyload \" src=\"https:\/\/meva.net\/hu-hu\/wp-content\/uploads\/sites\/9\/2025\/03\/Botta_D_Mihaly-910x609.jpg\" alt=\"\" width=\"910\" height=\"609\" srcset=\"https:\/\/meva.net\/hu-hu\/wp-content\/uploads\/sites\/9\/2025\/03\/Botta_D_Mihaly-910x609.jpg 910w, https:\/\/meva.net\/hu-hu\/wp-content\/uploads\/sites\/9\/2025\/03\/Botta_D_Mihaly-1350x903.jpg 1350w, https:\/\/meva.net\/hu-hu\/wp-content\/uploads\/sites\/9\/2025\/03\/Botta_D_Mihaly-510x341.jpg 510w, https:\/\/meva.net\/hu-hu\/wp-content\/uploads\/sites\/9\/2025\/03\/Botta_D_Mihaly-1536x1028.jpg 1536w, https:\/\/meva.net\/hu-hu\/wp-content\/uploads\/sites\/9\/2025\/03\/Botta_D_Mihaly-2048x1371.jpg 2048w, https:\/\/meva.net\/hu-hu\/wp-content\/uploads\/sites\/9\/2025\/03\/Botta_D_Mihaly-690x462.jpg 690w, https:\/\/meva.net\/hu-hu\/wp-content\/uploads\/sites\/9\/2025\/03\/Botta_D_Mihaly-1110x743.jpg 1110w, https:\/\/meva.net\/hu-hu\/wp-content\/uploads\/sites\/9\/2025\/03\/Botta_D_Mihaly-1600x1071.jpg 1600w, https:\/\/meva.net\/hu-hu\/wp-content\/uploads\/sites\/9\/2025\/03\/Botta_D_Mihaly-910x609@2x.jpg 1820w, https:\/\/meva.net\/hu-hu\/wp-content\/uploads\/sites\/9\/2025\/03\/Botta_D_Mihaly-510x341@2x.jpg 1020w\" sizes=\"(max-width: 910px) 100vw, 910px\" \/><\/td>\n<td style=\"width: 50%\">\n<p><strong>Botta D. Mih\u00e1ly<\/strong> B\u00e9k\u00e9scsab\u00e1r\u00f3l sz\u00e1rmazik, okl. g\u00e9p\u00e9szm\u00e9rn\u00f6kk\u00e9nt 25 \u00e9vesen a Wienerbergern\u00e9l, mint b\u00e9k\u00e9scsabai gy\u00e1rigazgat\u00f3 kezdte szakmai p\u00e1ly\u00e1j\u00e1t, majd fel\u00e9p\u00edtette a Hella \u00c1NR \u00c1rny\u00e9kol\u00e1stechnika Kft-t. A Meva Magyarorsz\u00e1got ir\u00e1ny\u00edt\u00f3 szakembert 14 \u00e9v ut\u00e1n, egy kritikus id\u0151szak k\u00f6zep\u00e9n b\u00edzt\u00e1k meg az osztr\u00e1k le\u00e1nyv\u00e1llalat vezet\u00e9s\u00e9vel is.<\/p>\n<\/td>\n<\/tr>\n<\/tbody>\n<\/table>\n<p>&nbsp;<\/p>\n","protected":false},"excerpt":{"rendered":"<p>A 2024. \u00e9v elej\u00e9re el\u00e9rt m\u00e9lypont ut\u00e1n a zsalueszk\u00f6z\u00f6k ir\u00e1nti legnagyobb keresletet mutat\u00f3 piaci szegmens, a jelent\u0151s betonig\u00e9ny\u0171 beruh\u00e1z\u00e1sok piaca az \u00e9v v\u00e9g\u00e9re mag\u00e1ra tal\u00e1lt, az elm\u00falt 5 h\u00f3napban pedig dinamikus fejl\u0151d\u00e9snek indult. Az ilyen beruh\u00e1z\u00e1sokon haszn\u00e1lt zsaluk forgalma j\u00f3l mutatja a piaci trendeket, amelyr\u0151l a m\u00e1ra az osztr\u00e1k piac ir\u00e1ny\u00edt\u00e1s\u00e1\u00e9rt is felel\u0151s, a magyar [&hellip;]<\/p>\n","protected":false},"author":12,"featured_media":6113,"comment_status":"open","ping_status":"open","sticky":false,"template":"","format":"standard","meta":[],"categories":[1],"tags":[],"acf":[],"yoast_head":"<!-- This site is optimized with the Yoast SEO plugin v19.13 - https:\/\/yoast.com\/wordpress\/plugins\/seo\/ -->\n<title>Nagyberuh\u00e1z\u00e1si trendmutat\u00f3: zsalupiac hull\u00e1mokon innen \u00e9s t\u00fal - MEVA Hungary (HU)<\/title>\n<meta name=\"robots\" content=\"index, follow, max-snippet:-1, max-image-preview:large, max-video-preview:-1\" \/>\n<link rel=\"canonical\" href=\"https:\/\/meva.net\/hu-hu\/nagyberuhazasi-trendmutato-zsalupiac-hullamokon-innen-es-tul\/\" \/>\n<meta property=\"og:locale\" content=\"hu_HU\" \/>\n<meta property=\"og:type\" content=\"article\" \/>\n<meta property=\"og:title\" content=\"Nagyberuh\u00e1z\u00e1si trendmutat\u00f3: zsalupiac hull\u00e1mokon innen \u00e9s t\u00fal - MEVA Hungary (HU)\" \/>\n<meta property=\"og:description\" content=\"A 2024. \u00e9v elej\u00e9re el\u00e9rt m\u00e9lypont ut\u00e1n a zsalueszk\u00f6z\u00f6k ir\u00e1nti legnagyobb keresletet mutat\u00f3 piaci szegmens, a jelent\u0151s betonig\u00e9ny\u0171 beruh\u00e1z\u00e1sok piaca az \u00e9v v\u00e9g\u00e9re mag\u00e1ra tal\u00e1lt, az elm\u00falt 5 h\u00f3napban pedig dinamikus fejl\u0151d\u00e9snek indult. Az ilyen beruh\u00e1z\u00e1sokon haszn\u00e1lt zsaluk forgalma j\u00f3l mutatja a piaci trendeket, amelyr\u0151l a m\u00e1ra az osztr\u00e1k piac ir\u00e1ny\u00edt\u00e1s\u00e1\u00e9rt is felel\u0151s, a magyar [&hellip;]\" \/>\n<meta property=\"og:url\" content=\"https:\/\/meva.net\/hu-hu\/nagyberuhazasi-trendmutato-zsalupiac-hullamokon-innen-es-tul\/\" \/>\n<meta property=\"og:site_name\" content=\"MEVA Hungary (HU)\" \/>\n<meta property=\"article:published_time\" content=\"2025-03-27T09:38:54+00:00\" \/>\n<meta property=\"article:modified_time\" content=\"2025-04-23T09:01:32+00:00\" \/>\n<meta property=\"og:image\" content=\"https:\/\/meva.net\/hu-hu\/wp-content\/uploads\/sites\/9\/2025\/03\/borito.jpg\" \/>\n\t<meta property=\"og:image:width\" content=\"1920\" \/>\n\t<meta property=\"og:image:height\" content=\"500\" \/>\n\t<meta property=\"og:image:type\" content=\"image\/jpeg\" \/>\n<meta name=\"author\" content=\"buildmarketing\" \/>\n<meta name=\"twitter:card\" content=\"summary_large_image\" \/>\n<meta name=\"twitter:label1\" content=\"Szerz\u0151:\" \/>\n\t<meta name=\"twitter:data1\" content=\"buildmarketing\" \/>\n\t<meta name=\"twitter:label2\" content=\"Becs\u00fclt olvas\u00e1si id\u0151\" \/>\n\t<meta name=\"twitter:data2\" content=\"6 perc\" \/>\n<script type=\"application\/ld+json\" class=\"yoast-schema-graph\">{\"@context\":\"https:\/\/schema.org\",\"@graph\":[{\"@type\":\"WebPage\",\"@id\":\"https:\/\/meva.net\/hu-hu\/nagyberuhazasi-trendmutato-zsalupiac-hullamokon-innen-es-tul\/\",\"url\":\"https:\/\/meva.net\/hu-hu\/nagyberuhazasi-trendmutato-zsalupiac-hullamokon-innen-es-tul\/\",\"name\":\"Nagyberuh\u00e1z\u00e1si trendmutat\u00f3: zsalupiac hull\u00e1mokon innen \u00e9s t\u00fal - MEVA Hungary (HU)\",\"isPartOf\":{\"@id\":\"https:\/\/meva.net\/hu-hu\/#website\"},\"datePublished\":\"2025-03-27T09:38:54+00:00\",\"dateModified\":\"2025-04-23T09:01:32+00:00\",\"author\":{\"@id\":\"https:\/\/meva.net\/hu-hu\/#\/schema\/person\/d87dbe6f91aafa255ada93cf615ad240\"},\"breadcrumb\":{\"@id\":\"https:\/\/meva.net\/hu-hu\/nagyberuhazasi-trendmutato-zsalupiac-hullamokon-innen-es-tul\/#breadcrumb\"},\"inLanguage\":\"hu\",\"potentialAction\":[{\"@type\":\"ReadAction\",\"target\":[\"https:\/\/meva.net\/hu-hu\/nagyberuhazasi-trendmutato-zsalupiac-hullamokon-innen-es-tul\/\"]}]},{\"@type\":\"BreadcrumbList\",\"@id\":\"https:\/\/meva.net\/hu-hu\/nagyberuhazasi-trendmutato-zsalupiac-hullamokon-innen-es-tul\/#breadcrumb\",\"itemListElement\":[{\"@type\":\"ListItem\",\"position\":1,\"name\":\"Home\",\"item\":\"https:\/\/meva.net\/hu-hu\/\"},{\"@type\":\"ListItem\",\"position\":2,\"name\":\"Nagyberuh\u00e1z\u00e1si trendmutat\u00f3: zsalupiac hull\u00e1mokon innen \u00e9s t\u00fal\"}]},{\"@type\":\"WebSite\",\"@id\":\"https:\/\/meva.net\/hu-hu\/#website\",\"url\":\"https:\/\/meva.net\/hu-hu\/\",\"name\":\"MEVA Hungary (HU)\",\"description\":\"Just another MEVA Sites site\",\"potentialAction\":[{\"@type\":\"SearchAction\",\"target\":{\"@type\":\"EntryPoint\",\"urlTemplate\":\"https:\/\/meva.net\/hu-hu\/?s={search_term_string}\"},\"query-input\":\"required name=search_term_string\"}],\"inLanguage\":\"hu\"},{\"@type\":\"Person\",\"@id\":\"https:\/\/meva.net\/hu-hu\/#\/schema\/person\/d87dbe6f91aafa255ada93cf615ad240\",\"name\":\"buildmarketing\",\"image\":{\"@type\":\"ImageObject\",\"inLanguage\":\"hu\",\"@id\":\"https:\/\/meva.net\/hu-hu\/#\/schema\/person\/image\/\",\"url\":\"https:\/\/secure.gravatar.com\/avatar\/61a4db36c41eb2b8e74629b8e24e16d2?s=96&d=mm&r=g\",\"contentUrl\":\"https:\/\/secure.gravatar.com\/avatar\/61a4db36c41eb2b8e74629b8e24e16d2?s=96&d=mm&r=g\",\"caption\":\"buildmarketing\"}}]}<\/script>\n<!-- \/ Yoast SEO plugin. -->","yoast_head_json":{"title":"Nagyberuh\u00e1z\u00e1si trendmutat\u00f3: zsalupiac hull\u00e1mokon innen \u00e9s t\u00fal - MEVA Hungary (HU)","robots":{"index":"index","follow":"follow","max-snippet":"max-snippet:-1","max-image-preview":"max-image-preview:large","max-video-preview":"max-video-preview:-1"},"canonical":"https:\/\/meva.net\/hu-hu\/nagyberuhazasi-trendmutato-zsalupiac-hullamokon-innen-es-tul\/","og_locale":"hu_HU","og_type":"article","og_title":"Nagyberuh\u00e1z\u00e1si trendmutat\u00f3: zsalupiac hull\u00e1mokon innen \u00e9s t\u00fal - MEVA Hungary (HU)","og_description":"A 2024. \u00e9v elej\u00e9re el\u00e9rt m\u00e9lypont ut\u00e1n a zsalueszk\u00f6z\u00f6k ir\u00e1nti legnagyobb keresletet mutat\u00f3 piaci szegmens, a jelent\u0151s betonig\u00e9ny\u0171 beruh\u00e1z\u00e1sok piaca az \u00e9v v\u00e9g\u00e9re mag\u00e1ra tal\u00e1lt, az elm\u00falt 5 h\u00f3napban pedig dinamikus fejl\u0151d\u00e9snek indult. Az ilyen beruh\u00e1z\u00e1sokon haszn\u00e1lt zsaluk forgalma j\u00f3l mutatja a piaci trendeket, amelyr\u0151l a m\u00e1ra az osztr\u00e1k piac ir\u00e1ny\u00edt\u00e1s\u00e1\u00e9rt is felel\u0151s, a magyar [&hellip;]","og_url":"https:\/\/meva.net\/hu-hu\/nagyberuhazasi-trendmutato-zsalupiac-hullamokon-innen-es-tul\/","og_site_name":"MEVA Hungary (HU)","article_published_time":"2025-03-27T09:38:54+00:00","article_modified_time":"2025-04-23T09:01:32+00:00","og_image":[{"width":1920,"height":500,"url":"https:\/\/meva.net\/hu-hu\/wp-content\/uploads\/sites\/9\/2025\/03\/borito.jpg","type":"image\/jpeg"}],"author":"buildmarketing","twitter_card":"summary_large_image","twitter_misc":{"Szerz\u0151:":"buildmarketing","Becs\u00fclt olvas\u00e1si id\u0151":"6 perc"},"schema":{"@context":"https:\/\/schema.org","@graph":[{"@type":"WebPage","@id":"https:\/\/meva.net\/hu-hu\/nagyberuhazasi-trendmutato-zsalupiac-hullamokon-innen-es-tul\/","url":"https:\/\/meva.net\/hu-hu\/nagyberuhazasi-trendmutato-zsalupiac-hullamokon-innen-es-tul\/","name":"Nagyberuh\u00e1z\u00e1si trendmutat\u00f3: zsalupiac hull\u00e1mokon innen \u00e9s t\u00fal - MEVA Hungary (HU)","isPartOf":{"@id":"https:\/\/meva.net\/hu-hu\/#website"},"datePublished":"2025-03-27T09:38:54+00:00","dateModified":"2025-04-23T09:01:32+00:00","author":{"@id":"https:\/\/meva.net\/hu-hu\/#\/schema\/person\/d87dbe6f91aafa255ada93cf615ad240"},"breadcrumb":{"@id":"https:\/\/meva.net\/hu-hu\/nagyberuhazasi-trendmutato-zsalupiac-hullamokon-innen-es-tul\/#breadcrumb"},"inLanguage":"hu","potentialAction":[{"@type":"ReadAction","target":["https:\/\/meva.net\/hu-hu\/nagyberuhazasi-trendmutato-zsalupiac-hullamokon-innen-es-tul\/"]}]},{"@type":"BreadcrumbList","@id":"https:\/\/meva.net\/hu-hu\/nagyberuhazasi-trendmutato-zsalupiac-hullamokon-innen-es-tul\/#breadcrumb","itemListElement":[{"@type":"ListItem","position":1,"name":"Home","item":"https:\/\/meva.net\/hu-hu\/"},{"@type":"ListItem","position":2,"name":"Nagyberuh\u00e1z\u00e1si trendmutat\u00f3: zsalupiac hull\u00e1mokon innen \u00e9s t\u00fal"}]},{"@type":"WebSite","@id":"https:\/\/meva.net\/hu-hu\/#website","url":"https:\/\/meva.net\/hu-hu\/","name":"MEVA Hungary (HU)","description":"Just another MEVA Sites site","potentialAction":[{"@type":"SearchAction","target":{"@type":"EntryPoint","urlTemplate":"https:\/\/meva.net\/hu-hu\/?s={search_term_string}"},"query-input":"required name=search_term_string"}],"inLanguage":"hu"},{"@type":"Person","@id":"https:\/\/meva.net\/hu-hu\/#\/schema\/person\/d87dbe6f91aafa255ada93cf615ad240","name":"buildmarketing","image":{"@type":"ImageObject","inLanguage":"hu","@id":"https:\/\/meva.net\/hu-hu\/#\/schema\/person\/image\/","url":"https:\/\/secure.gravatar.com\/avatar\/61a4db36c41eb2b8e74629b8e24e16d2?s=96&d=mm&r=g","contentUrl":"https:\/\/secure.gravatar.com\/avatar\/61a4db36c41eb2b8e74629b8e24e16d2?s=96&d=mm&r=g","caption":"buildmarketing"}}]}},"_links":{"self":[{"href":"https:\/\/meva.net\/hu-hu\/wp-json\/wp\/v2\/posts\/6084"}],"collection":[{"href":"https:\/\/meva.net\/hu-hu\/wp-json\/wp\/v2\/posts"}],"about":[{"href":"https:\/\/meva.net\/hu-hu\/wp-json\/wp\/v2\/types\/post"}],"author":[{"embeddable":true,"href":"https:\/\/meva.net\/hu-hu\/wp-json\/wp\/v2\/users\/12"}],"replies":[{"embeddable":true,"href":"https:\/\/meva.net\/hu-hu\/wp-json\/wp\/v2\/comments?post=6084"}],"version-history":[{"count":9,"href":"https:\/\/meva.net\/hu-hu\/wp-json\/wp\/v2\/posts\/6084\/revisions"}],"predecessor-version":[{"id":6139,"href":"https:\/\/meva.net\/hu-hu\/wp-json\/wp\/v2\/posts\/6084\/revisions\/6139"}],"wp:featuredmedia":[{"embeddable":true,"href":"https:\/\/meva.net\/hu-hu\/wp-json\/wp\/v2\/media\/6113"}],"wp:attachment":[{"href":"https:\/\/meva.net\/hu-hu\/wp-json\/wp\/v2\/media?parent=6084"}],"wp:term":[{"taxonomy":"category","embeddable":true,"href":"https:\/\/meva.net\/hu-hu\/wp-json\/wp\/v2\/categories?post=6084"},{"taxonomy":"post_tag","embeddable":true,"href":"https:\/\/meva.net\/hu-hu\/wp-json\/wp\/v2\/tags?post=6084"}],"curies":[{"name":"wp","href":"https:\/\/api.w.org\/{rel}","templated":true}]}}