{"id":5869,"date":"2024-09-27T09:21:22","date_gmt":"2024-09-27T08:21:22","guid":{"rendered":"https:\/\/meva.net\/hu-hu\/?p=5869"},"modified":"2024-09-27T09:33:48","modified_gmt":"2024-09-27T08:33:48","slug":"15-meter-magas-kapu-a-dunara","status":"publish","type":"post","link":"https:\/\/meva.net\/hu-hu\/15-meter-magas-kapu-a-dunara\/","title":{"rendered":"15 m\u00e9ter magas kapu a Dun\u00e1ra"},"content":{"rendered":"<p><strong>A Foka-\u00f6b\u00f6lre ny\u00edl\u00f3 l<\/strong><strong>\u00e1tv\u00e1nyos kaput k\u00e9pez az a k\u00e9t \u00e9p\u00fcletsz\u00e1rny k\u00f6z\u00e9 illeszked\u0151, 15 m\u00e9ter magass\u00e1gban az \u00e9p\u00fclett\u00f6mb\u00f6ket lebegve \u00f6sszek\u00f6t\u0151 h\u00edd, melynek \u00e9p\u00edt\u00e9s\u00e9hez a kivitelez\u0151 a Meva zsaluit v\u00e1lasztotta. <\/strong><\/p>\n<p>A XIII. ker\u00fcleti Duna Terasz Vista lak\u00f3h\u00e1z arculat\u00e1t mi m\u00e1s hat\u00e1rozhatn\u00e1 meg, mint a Duna hull\u00e1mai \u00e9s az \u00f6b\u00f6l haj\u00f3i. Az \u00e9p\u00fclet elhelyezked\u00e9se t\u00f6bb szempontb\u00f3l is rendhagy\u00f3, hiszen v\u00e9ges azon \u00e9p\u00fcletek sz\u00e1ma, amelyek k\u00f6zvetlen\u00fcl a Duna partj\u00e1ra \u00e9p\u00fclve \u00f6r\u00f6k panor\u00e1m\u00e1t k\u00edn\u00e1lnak a foly\u00f3ra. Az \u00e9p\u00edt\u00e9si helysz\u00edn m\u00e1sik k\u00fcl\u00f6nlegess\u00e9ge, hogy az egy kor\u00e1bbi rozsda\u00f6vezet hely\u00e9n \u00e9p\u00fclt. A 632, praktikus alaprajzokkal meg\u00e9p\u00fclt, magas \u00e9p\u00edt\u00e9si min\u0151s\u00e9g\u0171 lak\u00e1st nem csak a Duna k\u00f6zels\u00e9ge, de a k\u00f6rny\u00e9k \u00fajonnan l\u00e9tes\u00fclt z\u00f6ld ter\u00fcletei is exkluz\u00edvv\u00e1 teszik. A szemet j\u00f3l ir\u00e1ny\u00edtja az \u00e9p\u00fclet karakteres l\u00e1tv\u00e1ny\u00e1t ural\u00f3 n\u00e9gy hatalmas pill\u00e9r.<br \/>\nA nyolc l\u00e9pcs\u0151h\u00e1zas, pince, f\u00f6ldszint \u00e9s kilenc emelet magas \u00e9p\u00fclet lak\u00f3inak k\u00e9nyelm\u00e9t m\u00e1sok mellett a mennyezeti h\u0171t\u00e9s-f\u0171t\u00e9s is szolg\u00e1lja. A kivitelez\u0151 DVM Group a 2024. janu\u00e1ri kezd\u00e9s ut\u00e1n 2026 j\u00falius\u00e1ra tervezi \u00e1tadni az \u00f6sszesen 74.500 m<sup>2 <\/sup>szintter\u00fclet\u0171 \u00e9s 37.200 m<sup>2<\/sup> hasznos alapter\u00fclet\u0171 \u00e9p\u00fcletet.<\/p>\n<p>Az egyenk\u00e9nt 80 centim\u00e9ter \u00e1tm\u00e9r\u0151j\u0171 \u00e9s 15 m\u00e9ter magas k\u00f6rpill\u00e9r rendhagy\u00f3 kivitelez\u00e9se mell\u00e9 ugyanebben a magass\u00e1gban egy 550 m<sup>2<\/sup> fel\u00fclet\u0171, alulbord\u00e1s f\u00f6d\u00e9m meg\u00e9p\u00edt\u00e9s\u00e9nek ig\u00e9nye is t\u00e1rsult.<br \/>\nAz \u00e9p\u00fclet k\u00e9t lak\u00f3t\u00f6mbj\u00e9nek kivitelez\u00e9s\u00e9n\u00e9l a <strong>P\u00e9ter \u00c9p\u00edt\u0151 Kft. <\/strong>a saj\u00e1t tulajdon\u00fa zsaluzatait haszn\u00e1lta, amelyekhez csek\u00e9ly mennyis\u00e9g\u0171 speci\u00e1lis zsaluzati elemet b\u00e9relt. A val\u00f3di kih\u00edv\u00e1st jelent\u0151 pill\u00e9rek \u00e9s a 14,5 m\u00e9ter magas al\u00e1t\u00e1maszt\u00f3 \u00e1llv\u00e1nyr\u00f3l zsaluzott f\u00f6d\u00e9m a szok\u00e1sost\u00f3l elt\u00e9r\u0151 megold\u00e1sokat ig\u00e9nyelt, amelyben nem csup\u00e1n az innovat\u00edv technikai eszk\u00f6z\u00f6k, de a zsaluz\u00e1si szak\u00e9rtelem is d\u00f6nt\u0151 szerepet j\u00e1tszott. A felek \u00f6sszehangolt munk\u00e1j\u00e1nak eredm\u00e9nye volt az a r\u00e9szletes zsaluzati terv, amely el\u0151felt\u00e9tele volt a helysz\u00edni munk\u00e1k megkezd\u00e9s\u00e9nek.<\/p>\n<p><img loading=\"lazy\" class=\"alignnone  wp-image-5872 img-fluid lazyload \" src=\"https:\/\/meva.net\/hu-hu\/wp-content\/uploads\/sites\/9\/2024\/09\/hd-240711_DT_01-0846-910x606.jpg\" alt=\"\" width=\"697\" height=\"464\" srcset=\"https:\/\/meva.net\/hu-hu\/wp-content\/uploads\/sites\/9\/2024\/09\/hd-240711_DT_01-0846-910x606.jpg 910w, https:\/\/meva.net\/hu-hu\/wp-content\/uploads\/sites\/9\/2024\/09\/hd-240711_DT_01-0846-1350x899.jpg 1350w, https:\/\/meva.net\/hu-hu\/wp-content\/uploads\/sites\/9\/2024\/09\/hd-240711_DT_01-0846-510x340.jpg 510w, https:\/\/meva.net\/hu-hu\/wp-content\/uploads\/sites\/9\/2024\/09\/hd-240711_DT_01-0846-1536x1023.jpg 1536w, https:\/\/meva.net\/hu-hu\/wp-content\/uploads\/sites\/9\/2024\/09\/hd-240711_DT_01-0846-2048x1364.jpg 2048w, https:\/\/meva.net\/hu-hu\/wp-content\/uploads\/sites\/9\/2024\/09\/hd-240711_DT_01-0846-690x460.jpg 690w, https:\/\/meva.net\/hu-hu\/wp-content\/uploads\/sites\/9\/2024\/09\/hd-240711_DT_01-0846-1110x739.jpg 1110w, https:\/\/meva.net\/hu-hu\/wp-content\/uploads\/sites\/9\/2024\/09\/hd-240711_DT_01-0846-1600x1066.jpg 1600w, https:\/\/meva.net\/hu-hu\/wp-content\/uploads\/sites\/9\/2024\/09\/hd-240711_DT_01-0846-910x606@2x.jpg 1820w, https:\/\/meva.net\/hu-hu\/wp-content\/uploads\/sites\/9\/2024\/09\/hd-240711_DT_01-0846-510x340@2x.jpg 1020w\" sizes=\"(max-width: 697px) 100vw, 697px\" \/><\/p>\n<p>A 14,5 m\u00e9ter magas k\u00f6rpill\u00e9rek egy \u00fctemben t\u00f6rt\u00e9n\u0151 zsaluz\u00e1s\u00e1t a CIRCO zsaluzat haszn\u00e1lata tette lehet\u0151v\u00e9. Ez nem csup\u00e1n a munka id\u0151r\u00e1ford\u00edt\u00e1s\u00e1ra volt kedvez\u0151 hat\u00e1ssal, de nagym\u00e9rt\u00e9kben ezen m\u00falott a k\u00e9sz pill\u00e9rek alakhelyess\u00e9ge is. Term\u00e9szetesen kiemelt kivitelez\u00e9si \u00e9s munkabiztons\u00e1gi fegyelmet k\u00f6vetelt ez a nagy magass\u00e1gban v\u00e9gzett, vesz\u00e9lyes \u00e9p\u00edt\u00e9si feladat. Az els\u0151 pill\u00e9r bebetonoz\u00e1sa, illetve k\u00e9t nappal k\u00e9s\u0151bbi kizsaluz\u00e1sa igazolta a v\u00e1lasztott technol\u00f3gia helyess\u00e9g\u00e9t. A kiemelked\u0151 min\u0151s\u00e9gben elk\u00e9sz\u00fclt tart\u00f3szerkezeti elemek ut\u00e1n a tov\u00e1bbi h\u00e1rom pill\u00e9r m\u00e1r ugyanolyan m\u00f3dszerrel rutinosan \u00e9p\u00fclhetett meg. Az egyes elk\u00e9sz\u00fclt pill\u00e9reket a kizsaluz\u00e1st k\u00f6vet\u0151en TRIPLEX SB megt\u00e1maszt\u00f3rendszerrel v\u00e9dt\u00e9k a v\u00e9letlen s\u00e9r\u00fcl\u00e9sekt\u0151l, \u00fctk\u00f6z\u00e9sekt\u0151l. A gerenda fen\u00e9kzsaluzat\u00e1t ID15 al\u00e1t\u00e1maszt\u00f3 \u00e1llv\u00e1nyrendszer alkotta, m\u00edg a gerend\u00e1k k\u00f6z\u00f6tti f\u00f6d\u00e9mmez\u0151k terheit az MT60 tornyok viselt\u00e9k.<br \/>\nTerm\u00e9szetesen a f\u00f6d\u00e9m meg\u00e9p\u00edt\u00e9se sem volt h\u00e9tk\u00f6znapi feladat: a nagy feszt\u00e1vols\u00e1g miatt lel\u00f3g\u00f3 gerend\u00e1s, monolit f\u00f6d\u00e9m \u00e9p\u00fclt; a gerend\u00e1k \u00e9s a f\u00f6d\u00e9mmez\u0151k zsaluzatait pedig k\u00fcl\u00f6n-k\u00fcl\u00f6n t\u00e1masztott\u00e1k al\u00e1.<br \/>\nA f\u00f6d\u00e9mzsaluzat tervez\u00e9s\u00e9n\u00e9l figyelemmel kellett lennie a tervez\u0151knek az egym\u00e1s felett \u00e9p\u00fcl\u0151 h\u00e1rom vasbeton f\u00f6d\u00e9mre is, amelyek al\u00e1t\u00e1maszt\u00e1s\u00e1t biztos\u00edtani kellett az egyes f\u00f6d\u00e9mlemezek teherb\u00edr\u00f3k\u00e9pess\u00e9g\u00e9nek el\u00e9r\u00e9s\u00e9ig. A legnagyobb teher term\u00e9szetesen a 14,5 m\u00e9teres al\u00e1t\u00e1maszt\u00f3 \u00e1llv\u00e1nyra h\u00e1rult, ez\u00e9rt annak kivitelez\u00e9si pontoss\u00e1g\u00e1t a betonoz\u00e1st megel\u0151z\u0151en t\u00f6bbsz\u00f6ri ellen\u0151rz\u00e9ssel biztos\u00edtott\u00e1k.<\/p>\n<p><img loading=\"lazy\" class=\"alignnone  wp-image-5874 img-fluid lazyload \" src=\"https:\/\/meva.net\/hu-hu\/wp-content\/uploads\/sites\/9\/2024\/09\/hd-240711_DT_06-0862-910x606.jpg\" alt=\"\" width=\"685\" height=\"456\" srcset=\"https:\/\/meva.net\/hu-hu\/wp-content\/uploads\/sites\/9\/2024\/09\/hd-240711_DT_06-0862-910x606.jpg 910w, https:\/\/meva.net\/hu-hu\/wp-content\/uploads\/sites\/9\/2024\/09\/hd-240711_DT_06-0862-1350x899.jpg 1350w, https:\/\/meva.net\/hu-hu\/wp-content\/uploads\/sites\/9\/2024\/09\/hd-240711_DT_06-0862-510x340.jpg 510w, https:\/\/meva.net\/hu-hu\/wp-content\/uploads\/sites\/9\/2024\/09\/hd-240711_DT_06-0862-1536x1023.jpg 1536w, https:\/\/meva.net\/hu-hu\/wp-content\/uploads\/sites\/9\/2024\/09\/hd-240711_DT_06-0862-2048x1364.jpg 2048w, https:\/\/meva.net\/hu-hu\/wp-content\/uploads\/sites\/9\/2024\/09\/hd-240711_DT_06-0862-690x460.jpg 690w, https:\/\/meva.net\/hu-hu\/wp-content\/uploads\/sites\/9\/2024\/09\/hd-240711_DT_06-0862-1110x739.jpg 1110w, https:\/\/meva.net\/hu-hu\/wp-content\/uploads\/sites\/9\/2024\/09\/hd-240711_DT_06-0862-1600x1066.jpg 1600w, https:\/\/meva.net\/hu-hu\/wp-content\/uploads\/sites\/9\/2024\/09\/hd-240711_DT_06-0862-910x606@2x.jpg 1820w, https:\/\/meva.net\/hu-hu\/wp-content\/uploads\/sites\/9\/2024\/09\/hd-240711_DT_06-0862-510x340@2x.jpg 1020w\" sizes=\"(max-width: 685px) 100vw, 685px\" \/><\/p>\n<p>Beruh\u00e1z\u00f3: <strong>D&amp;B Real-Estate Invesment Kft.<br \/>\n<\/strong><strong>\u00c9p\u00edt\u00e9szet: Fazakas \u00c9p\u00edt\u00e9sziroda<br \/>\n<\/strong>Kivitelez\u00e9s: DVM Group<br \/>\nM\u0171szaki ellen\u0151r: <strong>\u00c1d\u00e1m M\u00e9rn\u00f6kiroda<\/strong><\/p>\n","protected":false},"excerpt":{"rendered":"<p>A Foka-\u00f6b\u00f6lre ny\u00edl\u00f3 l\u00e1tv\u00e1nyos kaput k\u00e9pez az a k\u00e9t \u00e9p\u00fcletsz\u00e1rny k\u00f6z\u00e9 illeszked\u0151, 15 m\u00e9ter magass\u00e1gban az \u00e9p\u00fclett\u00f6mb\u00f6ket lebegve \u00f6sszek\u00f6t\u0151 h\u00edd, melynek \u00e9p\u00edt\u00e9s\u00e9hez a kivitelez\u0151 a Meva zsaluit v\u00e1lasztotta. A XIII. ker\u00fcleti Duna Terasz Vista lak\u00f3h\u00e1z arculat\u00e1t mi m\u00e1s hat\u00e1rozhatn\u00e1 meg, mint a Duna hull\u00e1mai \u00e9s az \u00f6b\u00f6l haj\u00f3i. Az \u00e9p\u00fclet elhelyezked\u00e9se t\u00f6bb szempontb\u00f3l is rendhagy\u00f3, [&hellip;]<\/p>\n","protected":false},"author":12,"featured_media":5870,"comment_status":"open","ping_status":"open","sticky":false,"template":"","format":"standard","meta":[],"categories":[1],"tags":[],"acf":[],"yoast_head":"<!-- This site is optimized with the Yoast SEO plugin v19.13 - https:\/\/yoast.com\/wordpress\/plugins\/seo\/ -->\n<title>15 m\u00e9ter magas kapu a Dun\u00e1ra - MEVA Hungary (HU)<\/title>\n<meta name=\"robots\" content=\"index, follow, max-snippet:-1, max-image-preview:large, max-video-preview:-1\" \/>\n<link rel=\"canonical\" href=\"https:\/\/meva.net\/hu-hu\/15-meter-magas-kapu-a-dunara\/\" \/>\n<meta property=\"og:locale\" content=\"hu_HU\" \/>\n<meta property=\"og:type\" content=\"article\" \/>\n<meta property=\"og:title\" content=\"15 m\u00e9ter magas kapu a Dun\u00e1ra - MEVA Hungary (HU)\" \/>\n<meta property=\"og:description\" content=\"A Foka-\u00f6b\u00f6lre ny\u00edl\u00f3 l\u00e1tv\u00e1nyos kaput k\u00e9pez az a k\u00e9t \u00e9p\u00fcletsz\u00e1rny k\u00f6z\u00e9 illeszked\u0151, 15 m\u00e9ter magass\u00e1gban az \u00e9p\u00fclett\u00f6mb\u00f6ket lebegve \u00f6sszek\u00f6t\u0151 h\u00edd, melynek \u00e9p\u00edt\u00e9s\u00e9hez a kivitelez\u0151 a Meva zsaluit v\u00e1lasztotta. A XIII. ker\u00fcleti Duna Terasz Vista lak\u00f3h\u00e1z arculat\u00e1t mi m\u00e1s hat\u00e1rozhatn\u00e1 meg, mint a Duna hull\u00e1mai \u00e9s az \u00f6b\u00f6l haj\u00f3i. Az \u00e9p\u00fclet elhelyezked\u00e9se t\u00f6bb szempontb\u00f3l is rendhagy\u00f3, [&hellip;]\" \/>\n<meta property=\"og:url\" content=\"https:\/\/meva.net\/hu-hu\/15-meter-magas-kapu-a-dunara\/\" \/>\n<meta property=\"og:site_name\" content=\"MEVA Hungary (HU)\" \/>\n<meta property=\"article:published_time\" content=\"2024-09-27T08:21:22+00:00\" \/>\n<meta property=\"article:modified_time\" content=\"2024-09-27T08:33:48+00:00\" \/>\n<meta property=\"og:image\" content=\"https:\/\/meva.net\/hu-hu\/wp-content\/uploads\/sites\/9\/2024\/09\/meva-uj-slider_meva.net-masolat.png\" \/>\n\t<meta property=\"og:image:width\" content=\"1333\" \/>\n\t<meta property=\"og:image:height\" content=\"348\" \/>\n\t<meta property=\"og:image:type\" content=\"image\/png\" \/>\n<meta name=\"author\" content=\"buildmarketing\" \/>\n<meta name=\"twitter:card\" content=\"summary_large_image\" \/>\n<meta name=\"twitter:label1\" content=\"Szerz\u0151:\" \/>\n\t<meta name=\"twitter:data1\" content=\"buildmarketing\" \/>\n\t<meta name=\"twitter:label2\" content=\"Becs\u00fclt olvas\u00e1si id\u0151\" \/>\n\t<meta name=\"twitter:data2\" content=\"3 perc\" \/>\n<script type=\"application\/ld+json\" class=\"yoast-schema-graph\">{\"@context\":\"https:\/\/schema.org\",\"@graph\":[{\"@type\":\"WebPage\",\"@id\":\"https:\/\/meva.net\/hu-hu\/15-meter-magas-kapu-a-dunara\/\",\"url\":\"https:\/\/meva.net\/hu-hu\/15-meter-magas-kapu-a-dunara\/\",\"name\":\"15 m\u00e9ter magas kapu a Dun\u00e1ra - MEVA Hungary (HU)\",\"isPartOf\":{\"@id\":\"https:\/\/meva.net\/hu-hu\/#website\"},\"datePublished\":\"2024-09-27T08:21:22+00:00\",\"dateModified\":\"2024-09-27T08:33:48+00:00\",\"author\":{\"@id\":\"https:\/\/meva.net\/hu-hu\/#\/schema\/person\/d87dbe6f91aafa255ada93cf615ad240\"},\"breadcrumb\":{\"@id\":\"https:\/\/meva.net\/hu-hu\/15-meter-magas-kapu-a-dunara\/#breadcrumb\"},\"inLanguage\":\"hu\",\"potentialAction\":[{\"@type\":\"ReadAction\",\"target\":[\"https:\/\/meva.net\/hu-hu\/15-meter-magas-kapu-a-dunara\/\"]}]},{\"@type\":\"BreadcrumbList\",\"@id\":\"https:\/\/meva.net\/hu-hu\/15-meter-magas-kapu-a-dunara\/#breadcrumb\",\"itemListElement\":[{\"@type\":\"ListItem\",\"position\":1,\"name\":\"Home\",\"item\":\"https:\/\/meva.net\/hu-hu\/\"},{\"@type\":\"ListItem\",\"position\":2,\"name\":\"15 m\u00e9ter magas kapu a Dun\u00e1ra\"}]},{\"@type\":\"WebSite\",\"@id\":\"https:\/\/meva.net\/hu-hu\/#website\",\"url\":\"https:\/\/meva.net\/hu-hu\/\",\"name\":\"MEVA Hungary (HU)\",\"description\":\"Just another MEVA Sites site\",\"potentialAction\":[{\"@type\":\"SearchAction\",\"target\":{\"@type\":\"EntryPoint\",\"urlTemplate\":\"https:\/\/meva.net\/hu-hu\/?s={search_term_string}\"},\"query-input\":\"required name=search_term_string\"}],\"inLanguage\":\"hu\"},{\"@type\":\"Person\",\"@id\":\"https:\/\/meva.net\/hu-hu\/#\/schema\/person\/d87dbe6f91aafa255ada93cf615ad240\",\"name\":\"buildmarketing\",\"image\":{\"@type\":\"ImageObject\",\"inLanguage\":\"hu\",\"@id\":\"https:\/\/meva.net\/hu-hu\/#\/schema\/person\/image\/\",\"url\":\"https:\/\/secure.gravatar.com\/avatar\/61a4db36c41eb2b8e74629b8e24e16d2?s=96&d=mm&r=g\",\"contentUrl\":\"https:\/\/secure.gravatar.com\/avatar\/61a4db36c41eb2b8e74629b8e24e16d2?s=96&d=mm&r=g\",\"caption\":\"buildmarketing\"}}]}<\/script>\n<!-- \/ Yoast SEO plugin. -->","yoast_head_json":{"title":"15 m\u00e9ter magas kapu a Dun\u00e1ra - MEVA Hungary (HU)","robots":{"index":"index","follow":"follow","max-snippet":"max-snippet:-1","max-image-preview":"max-image-preview:large","max-video-preview":"max-video-preview:-1"},"canonical":"https:\/\/meva.net\/hu-hu\/15-meter-magas-kapu-a-dunara\/","og_locale":"hu_HU","og_type":"article","og_title":"15 m\u00e9ter magas kapu a Dun\u00e1ra - MEVA Hungary (HU)","og_description":"A Foka-\u00f6b\u00f6lre ny\u00edl\u00f3 l\u00e1tv\u00e1nyos kaput k\u00e9pez az a k\u00e9t \u00e9p\u00fcletsz\u00e1rny k\u00f6z\u00e9 illeszked\u0151, 15 m\u00e9ter magass\u00e1gban az \u00e9p\u00fclett\u00f6mb\u00f6ket lebegve \u00f6sszek\u00f6t\u0151 h\u00edd, melynek \u00e9p\u00edt\u00e9s\u00e9hez a kivitelez\u0151 a Meva zsaluit v\u00e1lasztotta. A XIII. ker\u00fcleti Duna Terasz Vista lak\u00f3h\u00e1z arculat\u00e1t mi m\u00e1s hat\u00e1rozhatn\u00e1 meg, mint a Duna hull\u00e1mai \u00e9s az \u00f6b\u00f6l haj\u00f3i. Az \u00e9p\u00fclet elhelyezked\u00e9se t\u00f6bb szempontb\u00f3l is rendhagy\u00f3, [&hellip;]","og_url":"https:\/\/meva.net\/hu-hu\/15-meter-magas-kapu-a-dunara\/","og_site_name":"MEVA Hungary (HU)","article_published_time":"2024-09-27T08:21:22+00:00","article_modified_time":"2024-09-27T08:33:48+00:00","og_image":[{"width":1333,"height":348,"url":"https:\/\/meva.net\/hu-hu\/wp-content\/uploads\/sites\/9\/2024\/09\/meva-uj-slider_meva.net-masolat.png","type":"image\/png"}],"author":"buildmarketing","twitter_card":"summary_large_image","twitter_misc":{"Szerz\u0151:":"buildmarketing","Becs\u00fclt olvas\u00e1si id\u0151":"3 perc"},"schema":{"@context":"https:\/\/schema.org","@graph":[{"@type":"WebPage","@id":"https:\/\/meva.net\/hu-hu\/15-meter-magas-kapu-a-dunara\/","url":"https:\/\/meva.net\/hu-hu\/15-meter-magas-kapu-a-dunara\/","name":"15 m\u00e9ter magas kapu a Dun\u00e1ra - MEVA Hungary (HU)","isPartOf":{"@id":"https:\/\/meva.net\/hu-hu\/#website"},"datePublished":"2024-09-27T08:21:22+00:00","dateModified":"2024-09-27T08:33:48+00:00","author":{"@id":"https:\/\/meva.net\/hu-hu\/#\/schema\/person\/d87dbe6f91aafa255ada93cf615ad240"},"breadcrumb":{"@id":"https:\/\/meva.net\/hu-hu\/15-meter-magas-kapu-a-dunara\/#breadcrumb"},"inLanguage":"hu","potentialAction":[{"@type":"ReadAction","target":["https:\/\/meva.net\/hu-hu\/15-meter-magas-kapu-a-dunara\/"]}]},{"@type":"BreadcrumbList","@id":"https:\/\/meva.net\/hu-hu\/15-meter-magas-kapu-a-dunara\/#breadcrumb","itemListElement":[{"@type":"ListItem","position":1,"name":"Home","item":"https:\/\/meva.net\/hu-hu\/"},{"@type":"ListItem","position":2,"name":"15 m\u00e9ter magas kapu a Dun\u00e1ra"}]},{"@type":"WebSite","@id":"https:\/\/meva.net\/hu-hu\/#website","url":"https:\/\/meva.net\/hu-hu\/","name":"MEVA Hungary (HU)","description":"Just another MEVA Sites site","potentialAction":[{"@type":"SearchAction","target":{"@type":"EntryPoint","urlTemplate":"https:\/\/meva.net\/hu-hu\/?s={search_term_string}"},"query-input":"required name=search_term_string"}],"inLanguage":"hu"},{"@type":"Person","@id":"https:\/\/meva.net\/hu-hu\/#\/schema\/person\/d87dbe6f91aafa255ada93cf615ad240","name":"buildmarketing","image":{"@type":"ImageObject","inLanguage":"hu","@id":"https:\/\/meva.net\/hu-hu\/#\/schema\/person\/image\/","url":"https:\/\/secure.gravatar.com\/avatar\/61a4db36c41eb2b8e74629b8e24e16d2?s=96&d=mm&r=g","contentUrl":"https:\/\/secure.gravatar.com\/avatar\/61a4db36c41eb2b8e74629b8e24e16d2?s=96&d=mm&r=g","caption":"buildmarketing"}}]}},"_links":{"self":[{"href":"https:\/\/meva.net\/hu-hu\/wp-json\/wp\/v2\/posts\/5869"}],"collection":[{"href":"https:\/\/meva.net\/hu-hu\/wp-json\/wp\/v2\/posts"}],"about":[{"href":"https:\/\/meva.net\/hu-hu\/wp-json\/wp\/v2\/types\/post"}],"author":[{"embeddable":true,"href":"https:\/\/meva.net\/hu-hu\/wp-json\/wp\/v2\/users\/12"}],"replies":[{"embeddable":true,"href":"https:\/\/meva.net\/hu-hu\/wp-json\/wp\/v2\/comments?post=5869"}],"version-history":[{"count":3,"href":"https:\/\/meva.net\/hu-hu\/wp-json\/wp\/v2\/posts\/5869\/revisions"}],"predecessor-version":[{"id":5875,"href":"https:\/\/meva.net\/hu-hu\/wp-json\/wp\/v2\/posts\/5869\/revisions\/5875"}],"wp:featuredmedia":[{"embeddable":true,"href":"https:\/\/meva.net\/hu-hu\/wp-json\/wp\/v2\/media\/5870"}],"wp:attachment":[{"href":"https:\/\/meva.net\/hu-hu\/wp-json\/wp\/v2\/media?parent=5869"}],"wp:term":[{"taxonomy":"category","embeddable":true,"href":"https:\/\/meva.net\/hu-hu\/wp-json\/wp\/v2\/categories?post=5869"},{"taxonomy":"post_tag","embeddable":true,"href":"https:\/\/meva.net\/hu-hu\/wp-json\/wp\/v2\/tags?post=5869"}],"curies":[{"name":"wp","href":"https:\/\/api.w.org\/{rel}","templated":true}]}}