{"id":4559,"date":"2022-09-01T07:54:38","date_gmt":"2022-09-01T06:54:38","guid":{"rendered":"https:\/\/meva.net\/hu-hu\/?p=4559"},"modified":"2022-09-01T08:49:03","modified_gmt":"2022-09-01T07:49:03","slug":"skypool_egy_panorama_medence_tortenete","status":"publish","type":"post","link":"https:\/\/meva.net\/hu-hu\/skypool_egy_panorama_medence_tortenete\/","title":{"rendered":"SkyPool- Egy panor\u00e1ma medence t\u00f6rt\u00e9nete"},"content":{"rendered":"<p><strong>6 m\u00e9ter sz\u00e9les, 26 m\u00e9ter hossz\u00fa \u00e9s 44 tonna. Tekint\u00e9lyes param\u00e9terek, kiv\u00e1ltk\u00e9ppen egy medenc\u00e9nek, amit csup\u00e1n k\u00e9t f\u00e1t form\u00e1z\u00f3 ac\u00e9lpill\u00e9r tart magasan a leveg\u0151ben. Az Eur\u00f3p\u00e1ban p\u00e1ratlan beruh\u00e1z\u00e1s kivitelez\u00e9se t\u00f6bb tekintetben is k\u00fcl\u00f6nleges m\u0171szaki megold\u00e1sokat k\u00edv\u00e1nt \u2013 ezek k\u00f6z\u00f6tt volt az innovat\u00edv zsaluz\u00e1si<br \/>\n<\/strong><strong> technol\u00f3gia is, amelyet a MEVA biztos\u00edtott, m\u00e9gpedig a MEP neh\u00e9z\u00e1llv\u00e1nyzat\u00e1val. <\/strong><\/p>\n<p><strong>\u00a0<\/strong><\/p>\n<p>Zalakaroson egym\u00e1st \u00e9rik a jobbn\u00e1l jobb sz\u00e1llod\u00e1k. Ezek k\u00f6z\u00f6tt kit\u0171nni, egy m\u00e9g olyan nagy m\u00falt\u00fa int\u00e9zm\u00e9nynek sem k\u00f6nny\u0171, mint a k\u00f6zel 30 \u00e9ve m\u0171k\u00f6d\u0151, \u00e9s a vend\u00e9geket mindig \u00fajabb \u00e9s \u00fajabb szolg\u00e1ltat\u00e1sokkal v\u00e1r\u00f3 MenDan Holtel. \u0150k azonban mindig nyitottak \u00e9s k\u00e9szek a v\u00e1ltoz\u00e1sra. \u00a0\u00cdgy t\u00f6rt\u00e9nt, hogy a MenDan Kft k\u00f6zel 2 milli\u00e1rd forintos beruh\u00e1z\u00e1sba kezdett 2019- ben. A terveket Jankovics Gerg\u0151 k\u00e9sz\u00edtette, a kivitelez\u00e9st pedig a beruh\u00e1z\u00f3 r\u00e9sz\u00e9r\u0151l <br \/>\nV\u00e1rkonyi Gyula, a SkyPool meg\u00e1lmod\u00f3ja vette k\u00e9zbe. A nem mindennapi 44 tonn\u00e1s, 2\/3 r\u00e9szben \u00e1tl\u00e1tsz\u00f3 fal\u00fa \u00e9s <br \/>\naljazat\u00fa tet\u0151medenc\u00e9t f\u00e1t form\u00e1l\u00f3 ac\u00e9l tart\u00f3szerkezetek tartj\u00e1k, amelynek haszn\u00e1lat\u00e1t t\u00e9riszonyosoknak nem aj\u00e1nljuk, hiszen 16 m\u00e9teres magass\u00e1gban, az 5. emeleten helyezkedik el! \u00c9p\u00edt\u00e9szetileg a legnagyobb kih\u00edv\u00e1st a l\u00e1bak pontos behelyez\u00e9se \u00e9s a fesz\u00edtett v\u00edzt\u00fckr\u0171 medence szintez\u00e9se jelentette a 16 m\u00e9teres magass\u00e1gban A fesz\u00edtett v\u00edzt\u00fck\u00f6r kialak\u00edt\u00e1sa miatt ugyanis a szintez\u00e9si hibahat\u00e1r maximum 1 mm!<\/p>\n<p>&nbsp;<\/p>\n<p><strong>Zsaluzzunk! &#8211; De hogyan?<\/strong><\/p>\n<p>A szerkezet kivitelez\u00e9s\u00e9t v\u00e9gz\u0151 J- Terv \u00c9p\u00edt\u00e9sz Kft. sz\u00e1m\u00e1ra a kezdett\u0151l fogva egy\u00e9rtelm\u0171 volt, hogy a megfelel\u0151 zsaluzat kialak\u00edt\u00e1s\u00e1hoz nem a megszokott m\u00f3dszerekhez kell ny\u00falni, ez\u00e9rt c\u00e9g\u00fcnk szak\u00e9rt\u0151inek seg\u00edts\u00e9g\u00e9t k\u00e9rte a feladathoz.<\/p>\n<p>A neh\u00e9zs\u00e9get ez esetben nem a s\u00faly jelentette, hanem egy olyan \u00f6sszef\u00fcgg\u0151 munkaszint megalkot\u00e1sa, ahol a nagy magass\u00e1g ellen\u00e9re is biztons\u00e1gos a munkav\u00e9gz\u00e9s. Mindezt fokozta a medence \u00e9p\u00edt\u00e9s\u00e9t megel\u0151z\u0151en m\u00e1r elhelyezett fa alak\u00fa tart\u00f3szerkezet szab\u00e1lytalan geometri\u00e1ja, melyet \u201eki kellett ker\u00fclni\u201d az \u00e1llv\u00e1nnyal. Munkat\u00e1rsunknak, Ol\u00e1h Zolt\u00e1nnak teh\u00e1t azon kellett elgondolkodnia, hogy a c\u00e9g melyik \u00e1llv\u00e1nya a legalkalmasabb erre a feladatra? \u00cdgy ker\u00fclt k\u00e9pbe a MEVA MEP.<\/p>\n<p><img loading=\"lazy\" class=\"img-fluid lazyload      alignnone wp-image-4561 size-medium\" src=\"https:\/\/meva.net\/hu-hu\/wp-content\/uploads\/sites\/9\/2022\/09\/MenDan-9_kicsi-910x603.jpg\" alt=\"\" width=\"910\" height=\"603\" srcset=\"https:\/\/meva.net\/hu-hu\/wp-content\/uploads\/sites\/9\/2022\/09\/MenDan-9_kicsi-910x603.jpg 910w, https:\/\/meva.net\/hu-hu\/wp-content\/uploads\/sites\/9\/2022\/09\/MenDan-9_kicsi-510x338.jpg 510w, https:\/\/meva.net\/hu-hu\/wp-content\/uploads\/sites\/9\/2022\/09\/MenDan-9_kicsi-690x457.jpg 690w, https:\/\/meva.net\/hu-hu\/wp-content\/uploads\/sites\/9\/2022\/09\/MenDan-9_kicsi-1110x735.jpg 1110w, https:\/\/meva.net\/hu-hu\/wp-content\/uploads\/sites\/9\/2022\/09\/MenDan-9_kicsi.jpg 1200w, https:\/\/meva.net\/hu-hu\/wp-content\/uploads\/sites\/9\/2022\/09\/MenDan-9_kicsi-510x338@2x.jpg 1020w\" sizes=\"(max-width: 910px) 100vw, 910px\" \/><\/p>\n<p>&nbsp;<\/p>\n<p><strong>Mer\u00e9sz \u00f6tlet, brav\u00faros megval\u00f3s\u00edt\u00e1s<\/strong><\/p>\n<p>A medence tekint\u00e9lyes m\u00e9rete \u00e9s s\u00falya rendk\u00edv\u00fcl er\u0151s ac\u00e9l tart\u00f3szerkezetet k\u00f6vetelt. 14 m\u00e9teres magass\u00e1gban <br \/>\nmintegy 420 n\u00e9gyzetm\u00e9ter alapter\u00fcletet kellett \u00fagy kialak\u00edtani, hogy az a medenc\u00e9t al\u00e1t\u00e1maszt\u00f3 gigantikus ac\u00e9l pill\u00e9reket kiker\u00fclve, \u00f6sszef\u00fcgg\u0151 munkaszint fel\u00fcletet k\u00e9pezzen a medence \u00e9s a hozz\u00e1 kapcsol\u00f3d\u00f3 \u00e1tj\u00e1r\u00f3 folyos\u00f3k alatt. Ehhez nagy teherb\u00edr\u00e1s\u00fa, ritka let\u00e1maszt\u00e1s\u00fa \u00e9s j\u00f3l vari\u00e1lhat\u00f3, speci\u00e1lis \u00e1llv\u00e1nyzatra volt sz\u00fcks\u00e9g, hiszen a medenc\u00e9t al\u00e1t\u00e1maszt\u00f3 ac\u00e9l f\u00e1k \u00e1gai \u00e9s a kapcsol\u00f3d\u00f3 \u00e9p\u00fclet geometri\u00e1ja a hagyom\u00e1nyos keretes \u00e1llv\u00e1nyzattal csak nagy neh\u00e9zs\u00e9gek \u00e1r\u00e1n lett volna megoldhat\u00f3. A\u00a0MEVA MEP\u00a0\u00e1llv\u00e1nyzat megfelel\u0151 v\u00e1laszt\u00e1snak bizonyult a komplik\u00e1lt feladatra.<\/p>\n<p><em>\u201eEz a szerkezet a legjobb megold\u00e1s, hiszen az \u00e1llv\u00e1nyzat stabilit\u00e1s\u00e1t biztos\u00edt\u00f3 keretek az \u00e1llv\u00e1nytornyokon bel\u00fcl szabadon \u00e9s b\u00e1rhol elhelyezhet\u0151k, \u00edgy a \u201ef\u00e1k \u00e1gai\u201d k\u00f6z\u00e9 is k\u00f6nnyen be\u00e9p\u00edthet\u0151k.\u201d \u2013<\/em> \u00e9rvelt a v\u00e1laszt\u00e1s mellett <br \/>\nOl\u00e1h Zolt\u00e1n.<em> \u2013 <\/em>Majd hozz\u00e1tette, hogy ezen fel\u00fcl a ritka let\u00e1maszt\u00e1snak k\u00f6sz\u00f6nhet\u0151en az ac\u00e9lszerkezeti v\u00e1zzal is csak n\u00e9h\u00e1ny \u00fctk\u00f6z\u00e9s alakult ki.<\/p>\n<p>Az \u00e1llv\u00e1nyzat \u00f6sszeszerel\u00e9se sem a szokv\u00e1nyos m\u00f3don t\u00f6rt\u00e9nt. Ugyanis az \u00e1llv\u00e1nytornyokat nem lehetett a f\u00f6ld\u00f6n fekve el\u0151szerelni, ez\u00e9rt \u00e1ll\u00f3 helyzetben kellett gyakorlatilag \u201ebef\u0171zni\u201d \u0151ket a pill\u00e9rek k\u00f6z\u00e9. Viszont el\u0151nyt jelentett, hogy az \u00e1llv\u00e1nyzat minden eleme k\u00e9zzel mozgathat\u00f3, \u00edgy azokat szintr\u0151l-szintre lehetett fel\u00e9p\u00edteni g\u00e9p n\u00e9lk\u00fcl &#8211; illetve ahol lehetett, emel\u0151kosaras daru seg\u00edts\u00e9g\u00e9vel &#8211; a k\u00f6zbens\u0151 munkaszintekr\u0151l<em>.<\/em><\/p>\n<p>A szerkezet ki\u00e9p\u00edt\u00e9s\u00e9t a munkaszint kialak\u00edt\u00e1sa k\u00f6vette, amelyet a neh\u00e9z\u00e1llv\u00e1nyzaton a fatart\u00f3s f\u00f6d\u00e9mzsalu rendszer elemeivel k\u00e9sz\u00edtettek el a szakemberek. A rendszer a megl\u00e9v\u0151 tet\u0151szerkezet f\u00f6l\u00e9 \u00e9p\u00fclt \u00e9s az \u00e9p\u00fclet kont\u00farj\u00e1n bel\u00fcl helyezkedett el. A munkaszint tet\u0151 f\u00f6l\u00e9 es\u0151 r\u00e9szeinek megt\u00e1maszt\u00e1s\u00e1t pedig a 4. emeleti tart\u00f3szerkezet, illetve a tet\u0151 szerkezete biztos\u00edtotta.<\/p>\n<p><img loading=\"lazy\" class=\"img-fluid lazyload     alignnone wp-image-4562 size-full\" src=\"https:\/\/meva.net\/hu-hu\/wp-content\/uploads\/sites\/9\/2022\/09\/MenDan-1_kicsi.jpg\" alt=\"\" width=\"600\" height=\"906\" srcset=\"https:\/\/meva.net\/hu-hu\/wp-content\/uploads\/sites\/9\/2022\/09\/MenDan-1_kicsi.jpg 600w, https:\/\/meva.net\/hu-hu\/wp-content\/uploads\/sites\/9\/2022\/09\/MenDan-1_kicsi-510x770.jpg 510w\" sizes=\"(max-width: 600px) 100vw, 600px\" \/><\/p>\n<p>&nbsp;<\/p>\n<p>\u00c9p\u00edt\u00e9szeti tervez\u00e9s: Jankovics Gerg\u0151, Jankovics \u00e9s De\u00e1k Kft., Keszthely<\/p>\n<p>Szerkezet\u00e9p\u00edt\u00e9s: J-Terv \u00c9p\u00edt\u00e9sz Kft<\/p>\n<p>A kivitelez\u00e9sben k\u00f6zrem\u0171k\u00f6d\u00f6tt: Hork Ac\u00e9l Kft, Direkt Line Kft., \u00dcvegcentrum Kft, Otis Kft.<\/p>\n<p><img loading=\"lazy\" class=\"alignnone size-full wp-image-4563 img-fluid lazyload \" src=\"https:\/\/meva.net\/hu-hu\/wp-content\/uploads\/sites\/9\/2022\/09\/MenDan-6_kicsi.jpg\" alt=\"\" width=\"600\" height=\"906\" srcset=\"https:\/\/meva.net\/hu-hu\/wp-content\/uploads\/sites\/9\/2022\/09\/MenDan-6_kicsi.jpg 600w, https:\/\/meva.net\/hu-hu\/wp-content\/uploads\/sites\/9\/2022\/09\/MenDan-6_kicsi-510x770.jpg 510w\" sizes=\"(max-width: 600px) 100vw, 600px\" \/><\/p>\n<blockquote>\n<p>Ez a szerkezet a legjobb megold\u00e1s, hiszen az \u00e1llv\u00e1nyzat stabilit\u00e1s\u00e1t biztos\u00edt\u00f3 keretek az <br \/>\n\u00e1llv\u00e1nytornyokon bel\u00fcl szabadon \u00e9s b\u00e1rhol elhelyezhet\u0151k, k\u00f6nnyen be\u00e9p\u00edthet\u0151k.<\/p>\n<\/blockquote>\n<p><strong>Ol\u00e1h Zolt\u00e1n, m\u00e9rn\u00f6k <br \/>\nMEVA Zsalurendszerek Zrt.<\/strong><\/p>\n","protected":false},"excerpt":{"rendered":"<p>6 m\u00e9ter sz\u00e9les, 26 m\u00e9ter hossz\u00fa \u00e9s 44 tonna. Tekint\u00e9lyes param\u00e9terek, kiv\u00e1ltk\u00e9ppen egy medenc\u00e9nek, amit csup\u00e1n k\u00e9t f\u00e1t form\u00e1z\u00f3 ac\u00e9lpill\u00e9r tart magasan a leveg\u0151ben. Az Eur\u00f3p\u00e1ban p\u00e1ratlan beruh\u00e1z\u00e1s kivitelez\u00e9se t\u00f6bb tekintetben is k\u00fcl\u00f6nleges m\u0171szaki megold\u00e1sokat k\u00edv\u00e1nt \u2013 ezek k\u00f6z\u00f6tt volt az innovat\u00edv zsaluz\u00e1si technol\u00f3gia is, amelyet a MEVA biztos\u00edtott, m\u00e9gpedig a MEP neh\u00e9z\u00e1llv\u00e1nyzat\u00e1val. \u00a0 Zalakaroson [&hellip;]<\/p>\n","protected":false},"author":12,"featured_media":4560,"comment_status":"open","ping_status":"open","sticky":false,"template":"","format":"standard","meta":[],"categories":[2],"tags":[111,110],"acf":[],"yoast_head":"<!-- This site is optimized with the Yoast SEO plugin v19.13 - https:\/\/yoast.com\/wordpress\/plugins\/seo\/ -->\n<title>SkyPool- Egy panor\u00e1ma medence t\u00f6rt\u00e9nete - MEVA Hungary (HU)<\/title>\n<meta name=\"description\" content=\"A MEVA-n\u00e1l Haiterbachban az \u00faj term\u00e9kek gy\u00e1rt\u00e1sa \u00e9s a b\u00e9rzsalu tiszt\u00edt\u00e1sa a j\u00f6v\u0151ben a legmodernebb m\u0171szaki sz\u00ednvonalon zajlik majd. Az \u00e9v v\u00e9g\u00e9ig 7 M EUR-t fektetnek az \u00e1tfog\u00f3 moderniz\u00e1l\u00e1sba \u2013 a term\u00e9kmin\u0151s\u00e9g, anyag rendelkez\u00e9sre \u00e1ll\u00e1s \u00e9s a fenntarthat\u00f3s\u00e1g n\u00f6vel\u00e9se \u00e9rdek\u00e9ben.\" \/>\n<meta name=\"robots\" content=\"index, follow, max-snippet:-1, max-image-preview:large, max-video-preview:-1\" \/>\n<link rel=\"canonical\" href=\"https:\/\/meva.net\/hu-hu\/skypool_egy_panorama_medence_tortenete\/\" \/>\n<meta property=\"og:locale\" content=\"hu_HU\" \/>\n<meta property=\"og:type\" content=\"article\" \/>\n<meta property=\"og:title\" content=\"SkyPool- Egy panor\u00e1ma medence t\u00f6rt\u00e9nete - MEVA Hungary (HU)\" \/>\n<meta property=\"og:description\" content=\"A MEVA-n\u00e1l Haiterbachban az \u00faj term\u00e9kek gy\u00e1rt\u00e1sa \u00e9s a b\u00e9rzsalu tiszt\u00edt\u00e1sa a j\u00f6v\u0151ben a legmodernebb m\u0171szaki sz\u00ednvonalon zajlik majd. Az \u00e9v v\u00e9g\u00e9ig 7 M EUR-t fektetnek az \u00e1tfog\u00f3 moderniz\u00e1l\u00e1sba \u2013 a term\u00e9kmin\u0151s\u00e9g, anyag rendelkez\u00e9sre \u00e1ll\u00e1s \u00e9s a fenntarthat\u00f3s\u00e1g n\u00f6vel\u00e9se \u00e9rdek\u00e9ben.\" \/>\n<meta property=\"og:url\" content=\"https:\/\/meva.net\/hu-hu\/skypool_egy_panorama_medence_tortenete\/\" \/>\n<meta property=\"og:site_name\" content=\"MEVA Hungary (HU)\" \/>\n<meta property=\"article:published_time\" content=\"2022-09-01T06:54:38+00:00\" \/>\n<meta property=\"article:modified_time\" content=\"2022-09-01T07:49:03+00:00\" \/>\n<meta property=\"og:image\" content=\"https:\/\/meva.net\/hu-hu\/wp-content\/uploads\/sites\/9\/2022\/09\/1920x500_Zalakaros_MenDan_hotel_1.png\" \/>\n\t<meta property=\"og:image:width\" content=\"1920\" \/>\n\t<meta property=\"og:image:height\" content=\"500\" \/>\n\t<meta property=\"og:image:type\" content=\"image\/png\" \/>\n<meta name=\"author\" content=\"buildmarketing\" \/>\n<meta name=\"twitter:card\" content=\"summary_large_image\" \/>\n<meta name=\"twitter:label1\" content=\"Szerz\u0151:\" \/>\n\t<meta name=\"twitter:data1\" content=\"buildmarketing\" \/>\n\t<meta name=\"twitter:label2\" content=\"Becs\u00fclt olvas\u00e1si id\u0151\" \/>\n\t<meta name=\"twitter:data2\" content=\"4 perc\" \/>\n<script type=\"application\/ld+json\" class=\"yoast-schema-graph\">{\"@context\":\"https:\/\/schema.org\",\"@graph\":[{\"@type\":\"WebPage\",\"@id\":\"https:\/\/meva.net\/hu-hu\/skypool_egy_panorama_medence_tortenete\/\",\"url\":\"https:\/\/meva.net\/hu-hu\/skypool_egy_panorama_medence_tortenete\/\",\"name\":\"SkyPool- Egy panor\u00e1ma medence t\u00f6rt\u00e9nete - MEVA Hungary (HU)\",\"isPartOf\":{\"@id\":\"https:\/\/meva.net\/hu-hu\/#website\"},\"datePublished\":\"2022-09-01T06:54:38+00:00\",\"dateModified\":\"2022-09-01T07:49:03+00:00\",\"author\":{\"@id\":\"https:\/\/meva.net\/hu-hu\/#\/schema\/person\/d87dbe6f91aafa255ada93cf615ad240\"},\"description\":\"A MEVA-n\u00e1l Haiterbachban az \u00faj term\u00e9kek gy\u00e1rt\u00e1sa \u00e9s a b\u00e9rzsalu tiszt\u00edt\u00e1sa a j\u00f6v\u0151ben a legmodernebb m\u0171szaki sz\u00ednvonalon zajlik majd. Az \u00e9v v\u00e9g\u00e9ig 7 M EUR-t fektetnek az \u00e1tfog\u00f3 moderniz\u00e1l\u00e1sba \u2013 a term\u00e9kmin\u0151s\u00e9g, anyag rendelkez\u00e9sre \u00e1ll\u00e1s \u00e9s a fenntarthat\u00f3s\u00e1g n\u00f6vel\u00e9se \u00e9rdek\u00e9ben.\",\"breadcrumb\":{\"@id\":\"https:\/\/meva.net\/hu-hu\/skypool_egy_panorama_medence_tortenete\/#breadcrumb\"},\"inLanguage\":\"hu\",\"potentialAction\":[{\"@type\":\"ReadAction\",\"target\":[\"https:\/\/meva.net\/hu-hu\/skypool_egy_panorama_medence_tortenete\/\"]}]},{\"@type\":\"BreadcrumbList\",\"@id\":\"https:\/\/meva.net\/hu-hu\/skypool_egy_panorama_medence_tortenete\/#breadcrumb\",\"itemListElement\":[{\"@type\":\"ListItem\",\"position\":1,\"name\":\"Home\",\"item\":\"https:\/\/meva.net\/hu-hu\/\"},{\"@type\":\"ListItem\",\"position\":2,\"name\":\"SkyPool- Egy panor\u00e1ma medence t\u00f6rt\u00e9nete\"}]},{\"@type\":\"WebSite\",\"@id\":\"https:\/\/meva.net\/hu-hu\/#website\",\"url\":\"https:\/\/meva.net\/hu-hu\/\",\"name\":\"MEVA Hungary (HU)\",\"description\":\"Just another MEVA Sites site\",\"potentialAction\":[{\"@type\":\"SearchAction\",\"target\":{\"@type\":\"EntryPoint\",\"urlTemplate\":\"https:\/\/meva.net\/hu-hu\/?s={search_term_string}\"},\"query-input\":\"required name=search_term_string\"}],\"inLanguage\":\"hu\"},{\"@type\":\"Person\",\"@id\":\"https:\/\/meva.net\/hu-hu\/#\/schema\/person\/d87dbe6f91aafa255ada93cf615ad240\",\"name\":\"buildmarketing\",\"image\":{\"@type\":\"ImageObject\",\"inLanguage\":\"hu\",\"@id\":\"https:\/\/meva.net\/hu-hu\/#\/schema\/person\/image\/\",\"url\":\"https:\/\/secure.gravatar.com\/avatar\/61a4db36c41eb2b8e74629b8e24e16d2?s=96&d=mm&r=g\",\"contentUrl\":\"https:\/\/secure.gravatar.com\/avatar\/61a4db36c41eb2b8e74629b8e24e16d2?s=96&d=mm&r=g\",\"caption\":\"buildmarketing\"}}]}<\/script>\n<!-- \/ Yoast SEO plugin. -->","yoast_head_json":{"title":"SkyPool- Egy panor\u00e1ma medence t\u00f6rt\u00e9nete - MEVA Hungary (HU)","description":"A MEVA-n\u00e1l Haiterbachban az \u00faj term\u00e9kek gy\u00e1rt\u00e1sa \u00e9s a b\u00e9rzsalu tiszt\u00edt\u00e1sa a j\u00f6v\u0151ben a legmodernebb m\u0171szaki sz\u00ednvonalon zajlik majd. Az \u00e9v v\u00e9g\u00e9ig 7 M EUR-t fektetnek az \u00e1tfog\u00f3 moderniz\u00e1l\u00e1sba \u2013 a term\u00e9kmin\u0151s\u00e9g, anyag rendelkez\u00e9sre \u00e1ll\u00e1s \u00e9s a fenntarthat\u00f3s\u00e1g n\u00f6vel\u00e9se \u00e9rdek\u00e9ben.","robots":{"index":"index","follow":"follow","max-snippet":"max-snippet:-1","max-image-preview":"max-image-preview:large","max-video-preview":"max-video-preview:-1"},"canonical":"https:\/\/meva.net\/hu-hu\/skypool_egy_panorama_medence_tortenete\/","og_locale":"hu_HU","og_type":"article","og_title":"SkyPool- Egy panor\u00e1ma medence t\u00f6rt\u00e9nete - MEVA Hungary (HU)","og_description":"A MEVA-n\u00e1l Haiterbachban az \u00faj term\u00e9kek gy\u00e1rt\u00e1sa \u00e9s a b\u00e9rzsalu tiszt\u00edt\u00e1sa a j\u00f6v\u0151ben a legmodernebb m\u0171szaki sz\u00ednvonalon zajlik majd. Az \u00e9v v\u00e9g\u00e9ig 7 M EUR-t fektetnek az \u00e1tfog\u00f3 moderniz\u00e1l\u00e1sba \u2013 a term\u00e9kmin\u0151s\u00e9g, anyag rendelkez\u00e9sre \u00e1ll\u00e1s \u00e9s a fenntarthat\u00f3s\u00e1g n\u00f6vel\u00e9se \u00e9rdek\u00e9ben.","og_url":"https:\/\/meva.net\/hu-hu\/skypool_egy_panorama_medence_tortenete\/","og_site_name":"MEVA Hungary (HU)","article_published_time":"2022-09-01T06:54:38+00:00","article_modified_time":"2022-09-01T07:49:03+00:00","og_image":[{"width":1920,"height":500,"url":"https:\/\/meva.net\/hu-hu\/wp-content\/uploads\/sites\/9\/2022\/09\/1920x500_Zalakaros_MenDan_hotel_1.png","type":"image\/png"}],"author":"buildmarketing","twitter_card":"summary_large_image","twitter_misc":{"Szerz\u0151:":"buildmarketing","Becs\u00fclt olvas\u00e1si id\u0151":"4 perc"},"schema":{"@context":"https:\/\/schema.org","@graph":[{"@type":"WebPage","@id":"https:\/\/meva.net\/hu-hu\/skypool_egy_panorama_medence_tortenete\/","url":"https:\/\/meva.net\/hu-hu\/skypool_egy_panorama_medence_tortenete\/","name":"SkyPool- Egy panor\u00e1ma medence t\u00f6rt\u00e9nete - MEVA Hungary (HU)","isPartOf":{"@id":"https:\/\/meva.net\/hu-hu\/#website"},"datePublished":"2022-09-01T06:54:38+00:00","dateModified":"2022-09-01T07:49:03+00:00","author":{"@id":"https:\/\/meva.net\/hu-hu\/#\/schema\/person\/d87dbe6f91aafa255ada93cf615ad240"},"description":"A MEVA-n\u00e1l Haiterbachban az \u00faj term\u00e9kek gy\u00e1rt\u00e1sa \u00e9s a b\u00e9rzsalu tiszt\u00edt\u00e1sa a j\u00f6v\u0151ben a legmodernebb m\u0171szaki sz\u00ednvonalon zajlik majd. Az \u00e9v v\u00e9g\u00e9ig 7 M EUR-t fektetnek az \u00e1tfog\u00f3 moderniz\u00e1l\u00e1sba \u2013 a term\u00e9kmin\u0151s\u00e9g, anyag rendelkez\u00e9sre \u00e1ll\u00e1s \u00e9s a fenntarthat\u00f3s\u00e1g n\u00f6vel\u00e9se \u00e9rdek\u00e9ben.","breadcrumb":{"@id":"https:\/\/meva.net\/hu-hu\/skypool_egy_panorama_medence_tortenete\/#breadcrumb"},"inLanguage":"hu","potentialAction":[{"@type":"ReadAction","target":["https:\/\/meva.net\/hu-hu\/skypool_egy_panorama_medence_tortenete\/"]}]},{"@type":"BreadcrumbList","@id":"https:\/\/meva.net\/hu-hu\/skypool_egy_panorama_medence_tortenete\/#breadcrumb","itemListElement":[{"@type":"ListItem","position":1,"name":"Home","item":"https:\/\/meva.net\/hu-hu\/"},{"@type":"ListItem","position":2,"name":"SkyPool- Egy panor\u00e1ma medence t\u00f6rt\u00e9nete"}]},{"@type":"WebSite","@id":"https:\/\/meva.net\/hu-hu\/#website","url":"https:\/\/meva.net\/hu-hu\/","name":"MEVA Hungary (HU)","description":"Just another MEVA Sites site","potentialAction":[{"@type":"SearchAction","target":{"@type":"EntryPoint","urlTemplate":"https:\/\/meva.net\/hu-hu\/?s={search_term_string}"},"query-input":"required name=search_term_string"}],"inLanguage":"hu"},{"@type":"Person","@id":"https:\/\/meva.net\/hu-hu\/#\/schema\/person\/d87dbe6f91aafa255ada93cf615ad240","name":"buildmarketing","image":{"@type":"ImageObject","inLanguage":"hu","@id":"https:\/\/meva.net\/hu-hu\/#\/schema\/person\/image\/","url":"https:\/\/secure.gravatar.com\/avatar\/61a4db36c41eb2b8e74629b8e24e16d2?s=96&d=mm&r=g","contentUrl":"https:\/\/secure.gravatar.com\/avatar\/61a4db36c41eb2b8e74629b8e24e16d2?s=96&d=mm&r=g","caption":"buildmarketing"}}]}},"_links":{"self":[{"href":"https:\/\/meva.net\/hu-hu\/wp-json\/wp\/v2\/posts\/4559"}],"collection":[{"href":"https:\/\/meva.net\/hu-hu\/wp-json\/wp\/v2\/posts"}],"about":[{"href":"https:\/\/meva.net\/hu-hu\/wp-json\/wp\/v2\/types\/post"}],"author":[{"embeddable":true,"href":"https:\/\/meva.net\/hu-hu\/wp-json\/wp\/v2\/users\/12"}],"replies":[{"embeddable":true,"href":"https:\/\/meva.net\/hu-hu\/wp-json\/wp\/v2\/comments?post=4559"}],"version-history":[{"count":10,"href":"https:\/\/meva.net\/hu-hu\/wp-json\/wp\/v2\/posts\/4559\/revisions"}],"predecessor-version":[{"id":4578,"href":"https:\/\/meva.net\/hu-hu\/wp-json\/wp\/v2\/posts\/4559\/revisions\/4578"}],"wp:featuredmedia":[{"embeddable":true,"href":"https:\/\/meva.net\/hu-hu\/wp-json\/wp\/v2\/media\/4560"}],"wp:attachment":[{"href":"https:\/\/meva.net\/hu-hu\/wp-json\/wp\/v2\/media?parent=4559"}],"wp:term":[{"taxonomy":"category","embeddable":true,"href":"https:\/\/meva.net\/hu-hu\/wp-json\/wp\/v2\/categories?post=4559"},{"taxonomy":"post_tag","embeddable":true,"href":"https:\/\/meva.net\/hu-hu\/wp-json\/wp\/v2\/tags?post=4559"}],"curies":[{"name":"wp","href":"https:\/\/api.w.org\/{rel}","templated":true}]}}