{"id":11962,"date":"2026-01-08T11:57:38","date_gmt":"2026-01-08T10:57:38","guid":{"rendered":"https:\/\/meva.net\/de-de\/?p=11962"},"modified":"2026-01-08T13:35:15","modified_gmt":"2026-01-08T12:35:15","slug":"produkt-des-jahres","status":"publish","type":"post","link":"https:\/\/meva.net\/de-de\/news\/produkt-des-jahres\/","title":{"rendered":"MEVA nimmt an der Wahl zum \u201eProdukt des Jahres 2026\u201c teil \u2013 mit der neuen Alu-Plattform!"},"content":{"rendered":"<p>Die gro\u00dfe Leserwahl des <strong>Baugewerbe Magazins<\/strong> ist gestartet: Entscheider, Bauprofis und Fachkr\u00e4fte w\u00e4hlen die Innovationen, die die Branche pr\u00e4gen. Wir sind stolz, mit unserer <strong>MEVA Alu-Plattform<\/strong> dabei zu sein!<\/p>\n<h5>Was macht die MEVA Alu-Plattform besonders?<\/h5>\n<ul>\n<li><strong>Leicht &amp; modular:<\/strong> Aluminiumkomponenten f\u00fcr einfache, kranunabh\u00e4ngige Montage.<\/li>\n<li><strong>Zeit- und kostensparend:<\/strong> Werkzeuglose Montage, weniger Arbeitsaufwand, schnelle Logistik.<\/li>\n<li><strong>Sicher &amp; komfortabel:<\/strong> Rutschhemmende Bel\u00e4ge, selbstschlie\u00dfende Durchstiegsklappe, integrierte Leiter und optimaler Seitenschutz.<\/li>\n<li><strong>Flexibel &amp; kompatibel:<\/strong> Einsetzbar mit verschiedenen MEVA-Schalungssystemen wie Mammut XT, StarTec oder AluFix.<\/li>\n<li><strong>Nachhaltig &amp; wirtschaftlich:<\/strong> Langlebige Materialien, reduzierte Komponentenanzahl f\u00fcr einfachen Transport und Lagerung.<\/li>\n<\/ul>\n<p><img loading=\"lazy\" class=\"alignnone size-medium wp-image-11965 img-fluid lazyload \" src=\"https:\/\/meva.net\/de-de\/wp-content\/uploads\/sites\/8\/2026\/01\/19746-910x607.jpeg\" alt=\"\" width=\"910\" height=\"607\" srcset=\"https:\/\/meva.net\/de-de\/wp-content\/uploads\/sites\/8\/2026\/01\/19746-910x607.jpeg 910w, https:\/\/meva.net\/de-de\/wp-content\/uploads\/sites\/8\/2026\/01\/19746-1350x900.jpeg 1350w, https:\/\/meva.net\/de-de\/wp-content\/uploads\/sites\/8\/2026\/01\/19746-510x340.jpeg 510w, https:\/\/meva.net\/de-de\/wp-content\/uploads\/sites\/8\/2026\/01\/19746-1536x1024.jpeg 1536w, https:\/\/meva.net\/de-de\/wp-content\/uploads\/sites\/8\/2026\/01\/19746-2048x1365.jpeg 2048w, https:\/\/meva.net\/de-de\/wp-content\/uploads\/sites\/8\/2026\/01\/19746-690x460.jpeg 690w, https:\/\/meva.net\/de-de\/wp-content\/uploads\/sites\/8\/2026\/01\/19746-1110x740.jpeg 1110w, https:\/\/meva.net\/de-de\/wp-content\/uploads\/sites\/8\/2026\/01\/19746-1600x1067.jpeg 1600w, https:\/\/meva.net\/de-de\/wp-content\/uploads\/sites\/8\/2026\/01\/19746-910x607@2x.jpeg 1820w, https:\/\/meva.net\/de-de\/wp-content\/uploads\/sites\/8\/2026\/01\/19746-510x340@2x.jpeg 1020w\" sizes=\"(max-width: 910px) 100vw, 910px\" \/><\/p>\n<p>Die Alu-Plattform setzt neue Ma\u00dfst\u00e4be im Schalungsbau und bietet Bauunternehmen eine wirtschaftliche, sichere und effiziente L\u00f6sung.<\/p>\n<p><a class=\"btn btn-primary\" href=\"https:\/\/www.buildingnet.de\/produkt-des-jahres-baugewerbe-magazin.htm\">Jetzt abstimmen und gewinnen<\/a><\/p>\n<p>Mit Ihrer Stimme unterst\u00fctzen Sie Innovationen in der Bauwirtschaft \u2013 und sichern sich die Chance auf <strong><span style=\"color: #e8221b;\">attraktive<\/span> Preise im gro\u00dfen Gewinnspiel<\/strong>.<br \/>\n<em>Abstimmung l\u00e4uft bis zum 31.03.2026.<\/em><\/p>\n","protected":false},"excerpt":{"rendered":"<p>Die gro\u00dfe Leserwahl des Baugewerbe Magazins ist gestartet: Entscheider, Bauprofis und Fachkr\u00e4fte w\u00e4hlen die Innovationen, die die Branche pr\u00e4gen. Wir sind stolz, mit unserer MEVA Alu-Plattform dabei zu sein! Was macht die MEVA Alu-Plattform besonders? Leicht &amp; modular: Aluminiumkomponenten f\u00fcr einfache, kranunabh\u00e4ngige Montage. Zeit- und kostensparend: Werkzeuglose Montage, weniger Arbeitsaufwand, schnelle Logistik. Sicher &amp; komfortabel: [&hellip;]<\/p>\n","protected":false},"author":8,"featured_media":11969,"comment_status":"open","ping_status":"open","sticky":false,"template":"","format":"standard","meta":[],"categories":[2],"tags":[92,98],"acf":[],"yoast_head":"<!-- This site is optimized with the Yoast SEO plugin v19.13 - https:\/\/yoast.com\/wordpress\/plugins\/seo\/ -->\n<title>MEVA nimmt an der Wahl zum \u201eProdukt des Jahres 2026\u201c teil \u2013 mit der neuen Alu-Plattform! - MEVA Deutschland<\/title>\n<meta name=\"description\" content=\"MEVA nimmt an der Wahl zum \u201eProdukt des Jahres 2026\u201c teil \u2013 mit der neuen Alu-Plattform!Die gro\u00dfe Leserwahl des Baugewerbe Magazins ist gestartet: Entscheider, Bauprofis und Fachkr\u00e4fte w\u00e4hlen die Innovationen, die die Branche pr\u00e4gen. Wir sind stolz, mit unserer MEVA Alu-Plattform dabei zu sein!\" \/>\n<meta name=\"robots\" content=\"index, follow, max-snippet:-1, max-image-preview:large, max-video-preview:-1\" \/>\n<link rel=\"canonical\" href=\"https:\/\/meva.net\/de-de\/news\/produkt-des-jahres\/\" \/>\n<meta property=\"og:locale\" content=\"de_DE\" \/>\n<meta property=\"og:type\" content=\"article\" \/>\n<meta property=\"og:title\" content=\"MEVA nimmt an der Wahl zum \u201eProdukt des Jahres 2026\u201c teil \u2013 mit der neuen Alu-Plattform! - MEVA Deutschland\" \/>\n<meta property=\"og:description\" content=\"MEVA nimmt an der Wahl zum \u201eProdukt des Jahres 2026\u201c teil \u2013 mit der neuen Alu-Plattform!Die gro\u00dfe Leserwahl des Baugewerbe Magazins ist gestartet: Entscheider, Bauprofis und Fachkr\u00e4fte w\u00e4hlen die Innovationen, die die Branche pr\u00e4gen. Wir sind stolz, mit unserer MEVA Alu-Plattform dabei zu sein!\" \/>\n<meta property=\"og:url\" content=\"https:\/\/meva.net\/de-de\/news\/produkt-des-jahres\/\" \/>\n<meta property=\"og:site_name\" content=\"MEVA Deutschland\" \/>\n<meta property=\"article:published_time\" content=\"2026-01-08T10:57:38+00:00\" \/>\n<meta property=\"article:modified_time\" content=\"2026-01-08T12:35:15+00:00\" \/>\n<meta property=\"og:image\" content=\"https:\/\/meva.net\/de-de\/wp-content\/uploads\/sites\/8\/2026\/01\/Produkt-des-Jahres-1920-x-500-px-1.jpg\" \/>\n\t<meta property=\"og:image:width\" content=\"1920\" \/>\n\t<meta property=\"og:image:height\" content=\"500\" \/>\n\t<meta property=\"og:image:type\" content=\"image\/jpeg\" \/>\n<meta name=\"author\" content=\"hannah\" \/>\n<meta name=\"twitter:card\" content=\"summary_large_image\" \/>\n<meta name=\"twitter:label1\" content=\"Verfasst von\" \/>\n\t<meta name=\"twitter:data1\" content=\"hannah\" \/>\n\t<meta name=\"twitter:label2\" content=\"Gesch\u00e4tzte Lesezeit\" \/>\n\t<meta name=\"twitter:data2\" content=\"1\u00a0Minute\" \/>\n<script type=\"application\/ld+json\" class=\"yoast-schema-graph\">{\"@context\":\"https:\/\/schema.org\",\"@graph\":[{\"@type\":\"WebPage\",\"@id\":\"https:\/\/meva.net\/de-de\/news\/produkt-des-jahres\/\",\"url\":\"https:\/\/meva.net\/de-de\/news\/produkt-des-jahres\/\",\"name\":\"MEVA nimmt an der Wahl zum \u201eProdukt des Jahres 2026\u201c teil \u2013 mit der neuen Alu-Plattform! - MEVA Deutschland\",\"isPartOf\":{\"@id\":\"https:\/\/meva.net\/de-de\/#website\"},\"datePublished\":\"2026-01-08T10:57:38+00:00\",\"dateModified\":\"2026-01-08T12:35:15+00:00\",\"author\":{\"@id\":\"https:\/\/meva.net\/de-de\/#\/schema\/person\/d02e0b90ad409873d50390b9b3e03ebd\"},\"description\":\"MEVA nimmt an der Wahl zum \u201eProdukt des Jahres 2026\u201c teil \u2013 mit der neuen Alu-Plattform!Die gro\u00dfe Leserwahl des Baugewerbe Magazins ist gestartet: Entscheider, Bauprofis und Fachkr\u00e4fte w\u00e4hlen die Innovationen, die die Branche pr\u00e4gen. Wir sind stolz, mit unserer MEVA Alu-Plattform dabei zu sein!\",\"breadcrumb\":{\"@id\":\"https:\/\/meva.net\/de-de\/news\/produkt-des-jahres\/#breadcrumb\"},\"inLanguage\":\"de\",\"potentialAction\":[{\"@type\":\"ReadAction\",\"target\":[\"https:\/\/meva.net\/de-de\/news\/produkt-des-jahres\/\"]}]},{\"@type\":\"BreadcrumbList\",\"@id\":\"https:\/\/meva.net\/de-de\/news\/produkt-des-jahres\/#breadcrumb\",\"itemListElement\":[{\"@type\":\"ListItem\",\"position\":1,\"name\":\"Home\",\"item\":\"https:\/\/meva.net\/de-de\/\"},{\"@type\":\"ListItem\",\"position\":2,\"name\":\"MEVA nimmt an der Wahl zum \u201eProdukt des Jahres 2026\u201c teil \u2013 mit der neuen Alu-Plattform!\"}]},{\"@type\":\"WebSite\",\"@id\":\"https:\/\/meva.net\/de-de\/#website\",\"url\":\"https:\/\/meva.net\/de-de\/\",\"name\":\"MEVA Deutschland\",\"description\":\"Schalung. Einfach. Clever.\",\"potentialAction\":[{\"@type\":\"SearchAction\",\"target\":{\"@type\":\"EntryPoint\",\"urlTemplate\":\"https:\/\/meva.net\/de-de\/?s={search_term_string}\"},\"query-input\":\"required name=search_term_string\"}],\"inLanguage\":\"de\"},{\"@type\":\"Person\",\"@id\":\"https:\/\/meva.net\/de-de\/#\/schema\/person\/d02e0b90ad409873d50390b9b3e03ebd\",\"name\":\"hannah\",\"image\":{\"@type\":\"ImageObject\",\"inLanguage\":\"de\",\"@id\":\"https:\/\/meva.net\/de-de\/#\/schema\/person\/image\/\",\"url\":\"https:\/\/secure.gravatar.com\/avatar\/3f520118cc44b5df278eed52a2c09112?s=96&d=mm&r=g\",\"contentUrl\":\"https:\/\/secure.gravatar.com\/avatar\/3f520118cc44b5df278eed52a2c09112?s=96&d=mm&r=g\",\"caption\":\"hannah\"}}]}<\/script>\n<!-- \/ Yoast SEO plugin. -->","yoast_head_json":{"title":"MEVA nimmt an der Wahl zum \u201eProdukt des Jahres 2026\u201c teil \u2013 mit der neuen Alu-Plattform! - MEVA Deutschland","description":"MEVA nimmt an der Wahl zum \u201eProdukt des Jahres 2026\u201c teil \u2013 mit der neuen Alu-Plattform!Die gro\u00dfe Leserwahl des Baugewerbe Magazins ist gestartet: Entscheider, Bauprofis und Fachkr\u00e4fte w\u00e4hlen die Innovationen, die die Branche pr\u00e4gen. Wir sind stolz, mit unserer MEVA Alu-Plattform dabei zu sein!","robots":{"index":"index","follow":"follow","max-snippet":"max-snippet:-1","max-image-preview":"max-image-preview:large","max-video-preview":"max-video-preview:-1"},"canonical":"https:\/\/meva.net\/de-de\/news\/produkt-des-jahres\/","og_locale":"de_DE","og_type":"article","og_title":"MEVA nimmt an der Wahl zum \u201eProdukt des Jahres 2026\u201c teil \u2013 mit der neuen Alu-Plattform! - MEVA Deutschland","og_description":"MEVA nimmt an der Wahl zum \u201eProdukt des Jahres 2026\u201c teil \u2013 mit der neuen Alu-Plattform!Die gro\u00dfe Leserwahl des Baugewerbe Magazins ist gestartet: Entscheider, Bauprofis und Fachkr\u00e4fte w\u00e4hlen die Innovationen, die die Branche pr\u00e4gen. Wir sind stolz, mit unserer MEVA Alu-Plattform dabei zu sein!","og_url":"https:\/\/meva.net\/de-de\/news\/produkt-des-jahres\/","og_site_name":"MEVA Deutschland","article_published_time":"2026-01-08T10:57:38+00:00","article_modified_time":"2026-01-08T12:35:15+00:00","og_image":[{"width":1920,"height":500,"url":"https:\/\/meva.net\/de-de\/wp-content\/uploads\/sites\/8\/2026\/01\/Produkt-des-Jahres-1920-x-500-px-1.jpg","type":"image\/jpeg"}],"author":"hannah","twitter_card":"summary_large_image","twitter_misc":{"Verfasst von":"hannah","Gesch\u00e4tzte Lesezeit":"1\u00a0Minute"},"schema":{"@context":"https:\/\/schema.org","@graph":[{"@type":"WebPage","@id":"https:\/\/meva.net\/de-de\/news\/produkt-des-jahres\/","url":"https:\/\/meva.net\/de-de\/news\/produkt-des-jahres\/","name":"MEVA nimmt an der Wahl zum \u201eProdukt des Jahres 2026\u201c teil \u2013 mit der neuen Alu-Plattform! - MEVA Deutschland","isPartOf":{"@id":"https:\/\/meva.net\/de-de\/#website"},"datePublished":"2026-01-08T10:57:38+00:00","dateModified":"2026-01-08T12:35:15+00:00","author":{"@id":"https:\/\/meva.net\/de-de\/#\/schema\/person\/d02e0b90ad409873d50390b9b3e03ebd"},"description":"MEVA nimmt an der Wahl zum \u201eProdukt des Jahres 2026\u201c teil \u2013 mit der neuen Alu-Plattform!Die gro\u00dfe Leserwahl des Baugewerbe Magazins ist gestartet: Entscheider, Bauprofis und Fachkr\u00e4fte w\u00e4hlen die Innovationen, die die Branche pr\u00e4gen. Wir sind stolz, mit unserer MEVA Alu-Plattform dabei zu sein!","breadcrumb":{"@id":"https:\/\/meva.net\/de-de\/news\/produkt-des-jahres\/#breadcrumb"},"inLanguage":"de","potentialAction":[{"@type":"ReadAction","target":["https:\/\/meva.net\/de-de\/news\/produkt-des-jahres\/"]}]},{"@type":"BreadcrumbList","@id":"https:\/\/meva.net\/de-de\/news\/produkt-des-jahres\/#breadcrumb","itemListElement":[{"@type":"ListItem","position":1,"name":"Home","item":"https:\/\/meva.net\/de-de\/"},{"@type":"ListItem","position":2,"name":"MEVA nimmt an der Wahl zum \u201eProdukt des Jahres 2026\u201c teil \u2013 mit der neuen Alu-Plattform!"}]},{"@type":"WebSite","@id":"https:\/\/meva.net\/de-de\/#website","url":"https:\/\/meva.net\/de-de\/","name":"MEVA Deutschland","description":"Schalung. Einfach. Clever.","potentialAction":[{"@type":"SearchAction","target":{"@type":"EntryPoint","urlTemplate":"https:\/\/meva.net\/de-de\/?s={search_term_string}"},"query-input":"required name=search_term_string"}],"inLanguage":"de"},{"@type":"Person","@id":"https:\/\/meva.net\/de-de\/#\/schema\/person\/d02e0b90ad409873d50390b9b3e03ebd","name":"hannah","image":{"@type":"ImageObject","inLanguage":"de","@id":"https:\/\/meva.net\/de-de\/#\/schema\/person\/image\/","url":"https:\/\/secure.gravatar.com\/avatar\/3f520118cc44b5df278eed52a2c09112?s=96&d=mm&r=g","contentUrl":"https:\/\/secure.gravatar.com\/avatar\/3f520118cc44b5df278eed52a2c09112?s=96&d=mm&r=g","caption":"hannah"}}]}},"_links":{"self":[{"href":"https:\/\/meva.net\/de-de\/wp-json\/wp\/v2\/posts\/11962"}],"collection":[{"href":"https:\/\/meva.net\/de-de\/wp-json\/wp\/v2\/posts"}],"about":[{"href":"https:\/\/meva.net\/de-de\/wp-json\/wp\/v2\/types\/post"}],"author":[{"embeddable":true,"href":"https:\/\/meva.net\/de-de\/wp-json\/wp\/v2\/users\/8"}],"replies":[{"embeddable":true,"href":"https:\/\/meva.net\/de-de\/wp-json\/wp\/v2\/comments?post=11962"}],"version-history":[{"count":11,"href":"https:\/\/meva.net\/de-de\/wp-json\/wp\/v2\/posts\/11962\/revisions"}],"predecessor-version":[{"id":11979,"href":"https:\/\/meva.net\/de-de\/wp-json\/wp\/v2\/posts\/11962\/revisions\/11979"}],"wp:featuredmedia":[{"embeddable":true,"href":"https:\/\/meva.net\/de-de\/wp-json\/wp\/v2\/media\/11969"}],"wp:attachment":[{"href":"https:\/\/meva.net\/de-de\/wp-json\/wp\/v2\/media?parent=11962"}],"wp:term":[{"taxonomy":"category","embeddable":true,"href":"https:\/\/meva.net\/de-de\/wp-json\/wp\/v2\/categories?post=11962"},{"taxonomy":"post_tag","embeddable":true,"href":"https:\/\/meva.net\/de-de\/wp-json\/wp\/v2\/tags?post=11962"}],"curies":[{"name":"wp","href":"https:\/\/api.w.org\/{rel}","templated":true}]}}